{"id":8288,"date":"2025-07-10T13:31:30","date_gmt":"2025-07-10T16:31:30","guid":{"rendered":"https:\/\/brasilatm.com\/es\/?p=8288"},"modified":"2025-07-10T15:41:08","modified_gmt":"2025-07-10T18:41:08","slug":"verano-en-brasil","status":"publish","type":"post","link":"https:\/\/brasilatm.com\/es\/verano-en-brasil\/","title":{"rendered":"Verano en Brasil \u2013 Clima, destinos y qu\u00e9 ver para disfrutar al m\u00e1ximo"},"content":{"rendered":"\n<p>El <strong>verano en Brasil<\/strong> tiene una energ\u00eda \u00fanica. Es la estaci\u00f3n en la que el sol brilla con fuerza, las ciudades cobran ritmo y los paisajes tropicales muestran toda su intensidad. Viajar en esta \u00e9poca es sentir de cerca el calor, la diversidad y la vibraci\u00f3n del pa\u00eds.<\/p>\n\n\n\n<p>Imagina un d\u00eda de cielo despejado en el litoral nordeste, seguido de una tarde refrescada por lluvias tropicales. O el contraste entre la brisa de las playas y el calor h\u00famedo de la Amazon\u00eda. Esa es la experiencia del verano brasile\u00f1o: paisajes que encantan y desaf\u00edan, siempre exigiendo planificaci\u00f3n y atenci\u00f3n.<\/p>\n\n\n\n<p>Del Sudeste al Norte, cada regi\u00f3n tiene sus caracter\u00edsticas clim\u00e1ticas, ofreciendo opciones para diferentes perfiles de viajeros. Entender qu\u00e9 esperar \u2014y c\u00f3mo aprovecharlo\u2014 es esencial para convertir tu viaje en una experiencia memorable.<\/p>\n\n\n\n<p><a href=\"https:\/\/brasilatm.com\/es\/\" target=\"_blank\" rel=\"noreferrer noopener\"><strong>Brasil ATM<\/strong><\/a> te ayudar\u00e1 a planificar cada detalle de tu viaje a Brasil en verano, con informaci\u00f3n pr\u00e1ctica, consejos confiables y sugerencias para disfrutar al m\u00e1ximo de la estaci\u00f3n.<\/p>\n\n\n\n<div class=\"wp-block-buttons is-content-justification-center is-layout-flex wp-container-core-buttons-is-layout-1 wp-block-buttons-is-layout-flex\">\n<div class=\"wp-block-button\"><a class=\"wp-block-button__link has-text-color has-background has-link-color wp-element-button\" href=\"https:\/\/brasilatm.com\/es\/\" style=\"color:#131564;background-color:#ffd202\" target=\"_blank\" rel=\"noreferrer noopener\"><strong>Descubre el Brasil que nunca has visto<\/strong><\/a><\/div>\n<\/div>\n\n\n\n<p><\/p>\n\n\n\n<figure class=\"wp-block-image aligncenter size-full\"><img fetchpriority=\"high\" decoding=\"async\" width=\"640\" height=\"800\" src=\"https:\/\/brasilatm.com\/es\/wp-content\/uploads\/2025\/07\/verao-no-brasil-intro.jpg\" alt=\"Verano en Brasil \u2013 Clima, destinos y qu\u00e9 ver para disfrutar al m\u00e1ximo\" class=\"wp-image-8290\" srcset=\"https:\/\/brasilatm.com\/es\/wp-content\/uploads\/2025\/07\/verao-no-brasil-intro.jpg 640w, https:\/\/brasilatm.com\/es\/wp-content\/uploads\/2025\/07\/verao-no-brasil-intro-240x300.jpg 240w, https:\/\/brasilatm.com\/es\/wp-content\/uploads\/2025\/07\/verao-no-brasil-intro-150x188.jpg 150w\" sizes=\"(max-width: 640px) 100vw, 640px\" \/><figcaption class=\"wp-element-caption\"><em>Contenido producido por el equipo de <\/em><strong><em>Brasil ATM<\/em><\/strong><em>, especialistas en turismo en Brasil y soluciones financieras para viajeros extranjeros. Basado en datos actualizados y experiencias reales, mostramos c\u00f3mo planificar tu viaje durante el verano en Brasil con seguridad, aprovechando lo mejor de cada destino con tranquilidad, practicidad y econom\u00eda.<\/em><\/figcaption><\/figure>\n\n\n\n<h2 class=\"wp-block-heading\"><strong>\u00bfC\u00f3mo es el clima en Brasil durante el verano?<\/strong><\/h2>\n\n\n\n<p>El verano en Brasil ocurre oficialmente entre el 21 de diciembre y el 20 de marzo, coincidiendo con las vacaciones escolares y la temporada alta tur\u00edstica. A continuaci\u00f3n, las principales caracter\u00edsticas clim\u00e1ticas:<\/p>\n\n\n\n<figure class=\"wp-block-table is-style-stripes\"><table class=\"has-fixed-layout\"><tbody><tr><td class=\"has-text-align-center\" data-align=\"center\"><strong>Regi\u00f3n<\/strong><\/td><td class=\"has-text-align-center\" data-align=\"center\"><strong>Clima t\u00edpico<\/strong><\/td><td class=\"has-text-align-center\" data-align=\"center\"><strong>Temperatura media<\/strong><\/td><td class=\"has-text-align-center\" data-align=\"center\"><strong>Lluvias<\/strong><\/td><\/tr><tr><td class=\"has-text-align-center\" data-align=\"center\">Nordeste<\/td><td class=\"has-text-align-center\" data-align=\"center\">Caluroso y seco (lluvias aisladas)<\/td><td class=\"has-text-align-center\" data-align=\"center\">27\u201333\u202f\u00b0C<\/td><td class=\"has-text-align-center\" data-align=\"center\">Bajo a moderado<\/td><\/tr><tr><td class=\"has-text-align-center\" data-align=\"center\">Sudeste<\/td><td class=\"has-text-align-center\" data-align=\"center\">Caluroso y h\u00famedo<\/td><td class=\"has-text-align-center\" data-align=\"center\">25\u201331\u202f\u00b0C<\/td><td class=\"has-text-align-center\" data-align=\"center\">Alto (lluvias de verano)<\/td><\/tr><tr><td class=\"has-text-align-center\" data-align=\"center\">Sur<\/td><td class=\"has-text-align-center\" data-align=\"center\">Templado<\/td><td class=\"has-text-align-center\" data-align=\"center\">22\u201329\u202f\u00b0C<\/td><td class=\"has-text-align-center\" data-align=\"center\">Moderado a alto<\/td><\/tr><tr><td class=\"has-text-align-center\" data-align=\"center\">Norte<\/td><td class=\"has-text-align-center\" data-align=\"center\">Caluroso y h\u00famedo<\/td><td class=\"has-text-align-center\" data-align=\"center\">28\u201334\u202f\u00b0C<\/td><td class=\"has-text-align-center\" data-align=\"center\">Alto<\/td><\/tr><tr><td class=\"has-text-align-center\" data-align=\"center\">Centro-Oeste<\/td><td class=\"has-text-align-center\" data-align=\"center\">Caluroso y seco, lluvias r\u00e1pidas<\/td><td class=\"has-text-align-center\" data-align=\"center\">26\u201332\u202f\u00b0C<\/td><td class=\"has-text-align-center\" data-align=\"center\">Moderado<\/td><\/tr><\/tbody><\/table><\/figure>\n\n\n\n<blockquote class=\"wp-block-quote is-layout-flow wp-block-quote-is-layout-flow\">\n<p><strong><em>\ud83d\udd0e Dato confiable:<\/em><\/strong><em> Seg\u00fan el <\/em><a class=\"external-link\" target=\"_blank\" rel=\"noopener\" href=\"https:\/\/portal.inmet.gov.br\/\" target=\"_blank\" rel=\"noreferrer noopener nofollow\"><em>Instituto Nacional de Meteorolog\u00eda (INMET)<\/em><\/a><em>, el verano brasile\u00f1o registra las temperaturas medias m\u00e1s altas del a\u00f1o, destac\u00e1ndose ciudades como Salvador, R\u00edo de Janeiro y Cuiab\u00e1.<\/em><\/p>\n<\/blockquote>\n\n\n\n<div class=\"wp-block-buttons is-content-justification-center is-layout-flex wp-container-core-buttons-is-layout-2 wp-block-buttons-is-layout-flex\">\n<div class=\"wp-block-button\"><a class=\"wp-block-button__link has-text-color has-background has-link-color wp-element-button\" href=\"https:\/\/brasilatm.com\/es\/\" style=\"color:#131564;background-color:#ffd202\" target=\"_blank\" rel=\"noreferrer noopener\"><strong>Descubre el Brasil que nunca has visto<\/strong><\/a><\/div>\n<\/div>\n\n\n\n<h2 class=\"wp-block-heading\"><strong>\u00bfCu\u00e1les son los mejores destinos para disfrutar el verano en Brasil?<\/strong><\/h2>\n\n\n\n<p>Viajar en verano en Brasil es la oportunidad perfecta para explorar la diversidad de paisajes y culturas del pa\u00eds. Desde playas paradis\u00edacas en el Nordeste hasta cascadas en el Centro-Oeste, cada regi\u00f3n ofrece experiencias \u00fanicas para quienes desean aprovechar el calor de la estaci\u00f3n.<\/p>\n\n\n\n<p>A continuaci\u00f3n, <strong>Brasil ATM<\/strong> presenta los mejores destinos de verano en Brasil, con opciones para todos los perfiles de viajeros y ayud\u00e1ndote a elegir el lugar ideal para vivir momentos inolvidables en la temporada m\u00e1s vibrante del a\u00f1o.<\/p>\n\n\n\n<h3 class=\"wp-block-heading\"><strong>Nordeste \u2013 Playas y sol casi garantizado<\/strong><\/h3>\n\n\n\n<figure class=\"wp-block-image aligncenter size-full\"><img decoding=\"async\" width=\"450\" height=\"800\" src=\"https:\/\/brasilatm.com\/es\/wp-content\/uploads\/2025\/07\/verao-no-brasil-nordeste.jpg\" alt=\"Verano en Brasil \u2013 Clima, destinos y qu\u00e9 ver para disfrutar al m\u00e1ximo\" class=\"wp-image-8291\" srcset=\"https:\/\/brasilatm.com\/es\/wp-content\/uploads\/2025\/07\/verao-no-brasil-nordeste.jpg 450w, https:\/\/brasilatm.com\/es\/wp-content\/uploads\/2025\/07\/verao-no-brasil-nordeste-169x300.jpg 169w, https:\/\/brasilatm.com\/es\/wp-content\/uploads\/2025\/07\/verao-no-brasil-nordeste-150x267.jpg 150w\" sizes=\"(max-width: 450px) 100vw, 450px\" \/><figcaption class=\"wp-element-caption\"><em>Playas paradis\u00edacas y sol casi garantizado en el verano en Brasil hacen del Nordeste el destino ideal para relajarse y vivir experiencias aut\u00e9nticas con seguridad y cultura.<\/em><\/figcaption><\/figure>\n\n\n\n<p>El verano en Brasil es cuando el Nordeste revela toda su fuerza: sol constante, playas de aguas c\u00e1lidas y paisajes que encantan a viajeros de todo el mundo. Es la regi\u00f3n ideal para disfrutar el calor de la temporada, combinando escenarios paradis\u00edacos, cultura vibrante y hospitalidad acogedora.<\/p>\n\n\n\n<p>En esta gu\u00eda, Brasil ATM presenta los mejores destinos del Nordeste para que planifiques tu viaje de verano con seguridad y experiencias inolvidables.<\/p>\n\n\n\n<ul class=\"wp-block-list\">\n<li><strong>Jericoacoara (CE):<\/strong> Dunas, mar cristalino y paisajes deslumbrantes.<\/li>\n\n\n\n<li><strong>Porto de Galinhas (PE):<\/strong> Ideal para familias y deportes acu\u00e1ticos.<\/li>\n\n\n\n<li><strong>Natal (RN):<\/strong> Sol todo el a\u00f1o e infraestructura tur\u00edstica excelente.<\/li>\n<\/ul>\n\n\n\n<h3 class=\"wp-block-heading\"><strong>Sudeste \u2013 Playas y vida urbana<\/strong><\/h3>\n\n\n\n<figure class=\"wp-block-image aligncenter size-full\"><img decoding=\"async\" width=\"800\" height=\"593\" src=\"https:\/\/brasilatm.com\/es\/wp-content\/uploads\/2025\/07\/verao-no-brasil-sudeste.jpg\" alt=\"Verano en Brasil \u2013 Clima, destinos y qu\u00e9 ver para disfrutar al m\u00e1ximo\" class=\"wp-image-8292\" srcset=\"https:\/\/brasilatm.com\/es\/wp-content\/uploads\/2025\/07\/verao-no-brasil-sudeste.jpg 800w, https:\/\/brasilatm.com\/es\/wp-content\/uploads\/2025\/07\/verao-no-brasil-sudeste-300x222.jpg 300w, https:\/\/brasilatm.com\/es\/wp-content\/uploads\/2025\/07\/verao-no-brasil-sudeste-768x569.jpg 768w, https:\/\/brasilatm.com\/es\/wp-content\/uploads\/2025\/07\/verao-no-brasil-sudeste-150x111.jpg 150w\" sizes=\"(max-width: 800px) 100vw, 800px\" \/><figcaption class=\"wp-element-caption\"><em>En el verano en Brasil, el Sudeste combina playas ic\u00f3nicas, clima caluroso y cultura vibrante, ideal para quienes buscan naturaleza, infraestructura y experiencias aut\u00e9nticas.<\/em><\/figcaption><\/figure>\n\n\n\n<p>El verano en Brasil convierte al Sudeste en uno de los destinos m\u00e1s buscados, combinando playas ic\u00f3nicas, clima caluroso y una intensa vida cultural. De R\u00edo de Janeiro al litoral paulista, la regi\u00f3n ofrece opciones que unen naturaleza e infraestructura, ideales para quienes desean aprovechar el calor con practicidad y experiencias aut\u00e9nticas.<\/p>\n\n\n\n<p>En esta gu\u00eda, Brasil ATM te ayuda a planificar el mejor viaje de verano por el Sudeste, con informaci\u00f3n actualizada y consejos pr\u00e1cticos.<\/p>\n\n\n\n<ul class=\"wp-block-list\">\n<li><strong>R\u00edo de Janeiro (RJ):<\/strong> Cl\u00e1sico para quienes buscan naturaleza y cultura.<\/li>\n\n\n\n<li><strong>Ilhabela (SP):<\/strong> Para aventureros y amantes de senderos y cascadas.<\/li>\n<\/ul>\n\n\n\n<h3 class=\"wp-block-heading\"><strong>Sur \u2013 Playas y eventos culturales<\/strong><\/h3>\n\n\n\n<figure class=\"wp-block-image aligncenter size-full\"><img loading=\"lazy\" decoding=\"async\" width=\"600\" height=\"800\" src=\"https:\/\/brasilatm.com\/es\/wp-content\/uploads\/2025\/07\/verao-no-brasil-sul.jpg\" alt=\"Verano en Brasil \u2013 Clima, destinos y qu\u00e9 ver para disfrutar al m\u00e1ximo\" class=\"wp-image-8293\" srcset=\"https:\/\/brasilatm.com\/es\/wp-content\/uploads\/2025\/07\/verao-no-brasil-sul.jpg 600w, https:\/\/brasilatm.com\/es\/wp-content\/uploads\/2025\/07\/verao-no-brasil-sul-225x300.jpg 225w, https:\/\/brasilatm.com\/es\/wp-content\/uploads\/2025\/07\/verao-no-brasil-sul-150x200.jpg 150w\" sizes=\"(max-width: 600px) 100vw, 600px\" \/><figcaption class=\"wp-element-caption\"><em>El verano en Brasil en el Sur ofrece playas encantadoras, clima agradable y eventos culturales, ideal para quienes buscan comodidad, buena gastronom\u00eda y experiencias aut\u00e9nticas.<\/em><\/figcaption><\/figure>\n\n\n\n<p>El verano en el Sur de Brasil ofrece una combinaci\u00f3n \u00fanica de playas encantadoras, clima agradable y eventos culturales que animan la temporada. Con destinos destacados como Florian\u00f3polis y Praia do Rosa, la regi\u00f3n atrae a viajeros que buscan naturaleza, gastronom\u00eda y experiencias aut\u00e9nticas.<\/p>\n\n\n\n<p>Brasil ATM presenta las mejores opciones para quienes desean explorar el Sur en verano y planificar el viaje con comodidad, seguridad y buenas elecciones.<\/p>\n\n\n\n<ul class=\"wp-block-list\">\n<li><strong>Florian\u00f3polis (SC):<\/strong> Buena infraestructura y playas variadas.<\/li>\n\n\n\n<li><strong>Praia do Rosa (SC):<\/strong> Refugio ideal para quienes buscan encanto y tranquilidad.<\/li>\n<\/ul>\n\n\n\n<h3 class=\"wp-block-heading\"><strong>Norte y Amazon\u00eda \u2013 Una experiencia \u00fanica<\/strong><\/h3>\n\n\n\n<figure class=\"wp-block-image aligncenter size-full\"><img loading=\"lazy\" decoding=\"async\" width=\"800\" height=\"533\" src=\"https:\/\/brasilatm.com\/es\/wp-content\/uploads\/2025\/07\/verao-no-brasil-norte.jpg\" alt=\"Verano en Brasil \u2013 Clima, destinos y qu\u00e9 ver para disfrutar al m\u00e1ximo\" class=\"wp-image-8294\" srcset=\"https:\/\/brasilatm.com\/es\/wp-content\/uploads\/2025\/07\/verao-no-brasil-norte.jpg 800w, https:\/\/brasilatm.com\/es\/wp-content\/uploads\/2025\/07\/verao-no-brasil-norte-300x200.jpg 300w, https:\/\/brasilatm.com\/es\/wp-content\/uploads\/2025\/07\/verao-no-brasil-norte-768x512.jpg 768w, https:\/\/brasilatm.com\/es\/wp-content\/uploads\/2025\/07\/verao-no-brasil-norte-150x100.jpg 150w\" sizes=\"(max-width: 800px) 100vw, 800px\" \/><figcaption class=\"wp-element-caption\"><em>En el verano en Brasil, el Norte y la Amazon\u00eda ofrecen calor h\u00famedo, playas fluviales y biodiversidad \u00fanica, ideal para quienes buscan naturaleza, cultura y experiencias aut\u00e9nticas.<\/em><\/figcaption><\/figure>\n\n\n\n<p>El verano en Brasil revela en el Norte y la Amazon\u00eda una experiencia singular, marcada por el calor h\u00famedo, r\u00edos imponentes y paisajes naturales exuberantes. Esta es la estaci\u00f3n ideal para explorar playas fluviales, comunidades ribere\u00f1as y la rica biodiversidad de la regi\u00f3n.<\/p>\n\n\n\n<p>Brasil ATM te ayuda a planificar tu viaje por el Norte en verano, con informaci\u00f3n pr\u00e1ctica para aprovechar esta inmersi\u00f3n \u00fanica en la naturaleza brasile\u00f1a.<\/p>\n\n\n\n<ul class=\"wp-block-list\">\n<li><strong>Alter do Ch\u00e3o (PA):<\/strong> El \u201cCaribe Amaz\u00f3nico\u201d con playas fluviales.<\/li>\n\n\n\n<li><strong>Manaus (AM):<\/strong> Paseos por el r\u00edo y naturaleza exuberante.<\/li>\n<\/ul>\n\n\n\n<h3 class=\"wp-block-heading\"><strong>Centro-Oeste \u2013 Naturaleza y turismo de aventura<\/strong><\/h3>\n\n\n\n<figure class=\"wp-block-image aligncenter size-full\"><img loading=\"lazy\" decoding=\"async\" width=\"800\" height=\"533\" src=\"https:\/\/brasilatm.com\/es\/wp-content\/uploads\/2025\/07\/verao-no-brasil-centro-oeste.jpg\" alt=\"\" class=\"wp-image-8295\" srcset=\"https:\/\/brasilatm.com\/es\/wp-content\/uploads\/2025\/07\/verao-no-brasil-centro-oeste.jpg 800w, https:\/\/brasilatm.com\/es\/wp-content\/uploads\/2025\/07\/verao-no-brasil-centro-oeste-300x200.jpg 300w, https:\/\/brasilatm.com\/es\/wp-content\/uploads\/2025\/07\/verao-no-brasil-centro-oeste-768x512.jpg 768w, https:\/\/brasilatm.com\/es\/wp-content\/uploads\/2025\/07\/verao-no-brasil-centro-oeste-150x100.jpg 150w\" sizes=\"(max-width: 800px) 100vw, 800px\" \/><figcaption class=\"wp-element-caption\"><em>En verano en Brasil, el Centro-Oeste es el destino ideal para los amantes de la naturaleza y la aventura, con r\u00edos cristalinos, senderos y cascadas que cobran vida en la estaci\u00f3n.<\/em><\/figcaption><\/figure>\n\n\n\n<p>El verano en Brasil destaca al Centro-Oeste como el destino ideal para quienes buscan naturaleza y turismo de aventura, con r\u00edos cristalinos, cavernas y cascadas que encantan a los visitantes. Destinos como Bonito y Chapada dos Veadeiros ofrecen experiencias \u00fanicas en esta estaci\u00f3n, cuando el calor es intenso y los paisajes cobran vida.<\/p>\n\n\n\n<p>Brasil ATM te ayuda a planificar tu viaje de verano por el Centro-Oeste con consejos pr\u00e1cticos, itinerarios e informaci\u00f3n actualizada para aprovecharlo todo con seguridad y comodidad.<\/p>\n\n\n\n<ul class=\"wp-block-list\">\n<li><strong>Bonito (MS):<\/strong> R\u00edos cristalinos y ecoturismo.<\/li>\n\n\n\n<li><strong>Chapada dos Veadeiros (GO):<\/strong> Senderos y cascadas impresionantes.<\/li>\n<\/ul>\n\n\n\n<div class=\"wp-block-buttons is-content-justification-center is-layout-flex wp-container-core-buttons-is-layout-3 wp-block-buttons-is-layout-flex\">\n<div class=\"wp-block-button\"><a class=\"wp-block-button__link has-text-color has-background has-link-color wp-element-button\" href=\"https:\/\/brasilatm.com\/es\/\" style=\"color:#131564;background-color:#ffd202\" target=\"_blank\" rel=\"noreferrer noopener\"><strong>Descubre el Brasil que nunca has visto<\/strong><\/a><\/div>\n<\/div>\n\n\n\n<h2 class=\"wp-block-heading\"><strong>\u00bfAd\u00f3nde ir en verano en Brasil? Comparativa r\u00e1pida<\/strong><\/h2>\n\n\n\n<p>Con tantas opciones, elegir destinos para el verano en Brasil puede ser un desaf\u00edo. Para facilitar la planificaci\u00f3n, <strong>Brasil ATM<\/strong> prepar\u00f3 una comparativa que destaca las principales caracter\u00edsticas de cada lugar:<\/p>\n\n\n\n<figure class=\"wp-block-table is-style-stripes\"><table class=\"has-fixed-layout\"><tbody><tr><td class=\"has-text-align-center\" data-align=\"center\"><strong>Destino<\/strong><\/td><td class=\"has-text-align-center\" data-align=\"center\"><strong>Ideal para<\/strong><\/td><td class=\"has-text-align-center\" data-align=\"center\"><strong>Clima de verano<\/strong><\/td><td class=\"has-text-align-center\" data-align=\"center\"><strong>Nivel tur\u00edstico<\/strong><\/td><\/tr><tr><td class=\"has-text-align-center\" data-align=\"center\">Jericoacoara<\/td><td class=\"has-text-align-center\" data-align=\"center\">Playas paradis\u00edacas<\/td><td class=\"has-text-align-center\" data-align=\"center\">Sol casi garantizado<\/td><td class=\"has-text-align-center\" data-align=\"center\">Alto<\/td><\/tr><tr><td class=\"has-text-align-center\" data-align=\"center\">R\u00edo de Janeiro<\/td><td class=\"has-text-align-center\" data-align=\"center\">Playa + ciudad<\/td><td class=\"has-text-align-center\" data-align=\"center\">Lluvias de verano<\/td><td class=\"has-text-align-center\" data-align=\"center\">Muy alto<\/td><\/tr><tr><td class=\"has-text-align-center\" data-align=\"center\">Bonito<\/td><td class=\"has-text-align-center\" data-align=\"center\">Ecoturismo<\/td><td class=\"has-text-align-center\" data-align=\"center\">Lluvias r\u00e1pidas<\/td><td class=\"has-text-align-center\" data-align=\"center\">Moderado<\/td><\/tr><tr><td class=\"has-text-align-center\" data-align=\"center\">Florian\u00f3polis<\/td><td class=\"has-text-align-center\" data-align=\"center\">Surf y playas<\/td><td class=\"has-text-align-center\" data-align=\"center\">Calor con lluvias<\/td><td class=\"has-text-align-center\" data-align=\"center\">Alto<\/td><\/tr><tr><td class=\"has-text-align-center\" data-align=\"center\">Alter do Ch\u00e3o<\/td><td class=\"has-text-align-center\" data-align=\"center\">Playas fluviales<\/td><td class=\"has-text-align-center\" data-align=\"center\">Calor h\u00famedo<\/td><td class=\"has-text-align-center\" data-align=\"center\">Bajo a moderado<\/td><\/tr><\/tbody><\/table><\/figure>\n\n\n\n<div class=\"wp-block-buttons is-content-justification-center is-layout-flex wp-container-core-buttons-is-layout-4 wp-block-buttons-is-layout-flex\">\n<div class=\"wp-block-button\"><a class=\"wp-block-button__link has-text-color has-background has-link-color wp-element-button\" href=\"https:\/\/brasilatm.com\/es\/\" style=\"color:#131564;background-color:#ffd202\" target=\"_blank\" rel=\"noreferrer noopener\"><strong>Descubre el Brasil que nunca has visto<\/strong><\/a><\/div>\n<\/div>\n\n\n\n<h2 class=\"wp-block-heading\"><strong>5 pasos para planificar tus vacaciones en Brasil en verano<\/strong><\/h2>\n\n\n\n<figure class=\"wp-block-image aligncenter size-full\"><img loading=\"lazy\" decoding=\"async\" width=\"800\" height=\"585\" src=\"https:\/\/brasilatm.com\/es\/wp-content\/uploads\/2025\/07\/verao-no-brasil-passos.jpg\" alt=\"\" class=\"wp-image-8296\" srcset=\"https:\/\/brasilatm.com\/es\/wp-content\/uploads\/2025\/07\/verao-no-brasil-passos.jpg 800w, https:\/\/brasilatm.com\/es\/wp-content\/uploads\/2025\/07\/verao-no-brasil-passos-300x219.jpg 300w, https:\/\/brasilatm.com\/es\/wp-content\/uploads\/2025\/07\/verao-no-brasil-passos-768x562.jpg 768w, https:\/\/brasilatm.com\/es\/wp-content\/uploads\/2025\/07\/verao-no-brasil-passos-150x110.jpg 150w\" sizes=\"(max-width: 800px) 100vw, 800px\" \/><figcaption class=\"wp-element-caption\"><em>Planificar vacaciones en el verano en Brasil requiere atenci\u00f3n: elige el destino correcto, prep\u00e1rate para el calor y viaja con seguridad. Consulta los consejos pr\u00e1cticos de Brasil ATM.<\/em><\/figcaption><\/figure>\n\n\n\n<p>Planificar vacaciones en el verano en Brasil exige atenci\u00f3n a detalles que garantizan comodidad, ahorro y experiencias inolvidables. Para ayudar a viajeros extranjeros y brasile\u00f1os a prepararse, Brasil ATM reuni\u00f3 cinco pasos simples y pr\u00e1cticos para organizar tu viaje con seguridad y aprovechar al m\u00e1ximo la estaci\u00f3n m\u00e1s vibrante del pa\u00eds.<\/p>\n\n\n\n<ol class=\"wp-block-list\">\n<li><strong>Elige el destino correcto:<\/strong> eval\u00faa el clima y tu perfil como viajero.<\/li>\n\n\n\n<li><strong>Reserva con anticipaci\u00f3n:<\/strong> la alta temporada llena hoteles y tours.<\/li>\n\n\n\n<li><strong>Prep\u00e1rate para el calor:<\/strong> ropa ligera, protector solar e hidrataci\u00f3n.<\/li>\n\n\n\n<li><strong>Atenci\u00f3n a las lluvias:<\/strong> comunes en el Sudeste y Norte al final del d\u00eda.<\/li>\n\n\n\n<li><strong>Prioriza seguro de viaje:<\/strong> esencial para zonas remotas o actividades de aventura.<\/li>\n<\/ol>\n\n\n\n<div class=\"wp-block-buttons is-content-justification-center is-layout-flex wp-container-core-buttons-is-layout-5 wp-block-buttons-is-layout-flex\">\n<div class=\"wp-block-button\"><a class=\"wp-block-button__link has-text-color has-background has-link-color wp-element-button\" href=\"https:\/\/brasilatm.com\/es\/\" style=\"color:#131564;background-color:#ffd202\" target=\"_blank\" rel=\"noreferrer noopener\"><strong>Descubre el Brasil que nunca has visto<\/strong><\/a><\/div>\n<\/div>\n\n\n\n<h2 class=\"wp-block-heading\"><strong>Consejos pr\u00e1cticos para disfrutar el verano en Brasil<\/strong><\/h2>\n\n\n\n<p>Adem\u00e1s de elegir el destino correcto, algunas acciones simples marcan la diferencia en comodidad y seguridad. <strong>Brasil ATM<\/strong> comparte consejos esenciales para enfrentar el calor, evitar imprevistos y disfrutar al m\u00e1ximo la estaci\u00f3n m\u00e1s vibrante:<\/p>\n\n\n\n<ul class=\"wp-block-list\">\n<li><strong>Usa protector solar incluso en d\u00edas nublados.<\/strong><\/li>\n\n\n\n<li><strong>Prefiere paseos por la ma\u00f1ana:<\/strong> m\u00e1s fresco y menos lluvias.<\/li>\n\n\n\n<li><strong>Bebe mucha agua y agua de coco para hidratarte.<\/strong><\/li>\n\n\n\n<li><strong>Prueba frutas tropicales de temporada:<\/strong> mango, pi\u00f1a, sand\u00eda y a\u00e7a\u00ed.<\/li>\n<\/ul>\n\n\n\n<div class=\"wp-block-buttons is-content-justification-center is-layout-flex wp-container-core-buttons-is-layout-6 wp-block-buttons-is-layout-flex\">\n<div class=\"wp-block-button\"><a class=\"wp-block-button__link has-text-color has-background has-link-color wp-element-button\" href=\"https:\/\/brasilatm.com\/es\/\" style=\"color:#131564;background-color:#ffd202\" target=\"_blank\" rel=\"noreferrer noopener\"><strong>Descubre el Brasil que nunca has visto<\/strong><\/a><\/div>\n<\/div>\n\n\n\n<h2 class=\"wp-block-heading\"><strong>Conclusi\u00f3n: vive lo mejor del verano en Brasil<\/strong><\/h2>\n\n\n\n<figure class=\"wp-block-image aligncenter size-full\"><img loading=\"lazy\" decoding=\"async\" width=\"640\" height=\"800\" src=\"https:\/\/brasilatm.com\/es\/wp-content\/uploads\/2025\/07\/verao-no-brasil-conclusao.jpg\" alt=\"\" class=\"wp-image-8297\" srcset=\"https:\/\/brasilatm.com\/es\/wp-content\/uploads\/2025\/07\/verao-no-brasil-conclusao.jpg 640w, https:\/\/brasilatm.com\/es\/wp-content\/uploads\/2025\/07\/verao-no-brasil-conclusao-240x300.jpg 240w, https:\/\/brasilatm.com\/es\/wp-content\/uploads\/2025\/07\/verao-no-brasil-conclusao-150x188.jpg 150w\" sizes=\"(max-width: 640px) 100vw, 640px\" \/><figcaption class=\"wp-element-caption\"><em>El verano en Brasil ofrece playas, naturaleza y cultura vibrante. Planifica tu viaje con seguridad y vive experiencias inolvidables con los consejos de Brasil ATM.<\/em><\/figcaption><\/figure>\n\n\n\n<p>El verano en Brasil ofrece experiencias \u00fanicas: playas deslumbrantes, ecoturismo, cultura vibrante y la energ\u00eda contagiosa de un pa\u00eds tropical. Planificar el viaje considerando el clima, elegir el destino correcto y tomar precauciones b\u00e1sicas garantiza unas vacaciones inolvidables.<\/p>\n\n\n\n<blockquote class=\"wp-block-quote is-layout-flow wp-block-quote-is-layout-flow\">\n<p><em>\ud83d\udc49 <\/em><strong><em>\u00bfListo para vivir lo mejor del verano en Brasil? <\/em><\/strong><a href=\"https:\/\/brasilatm.com\/es\/\" target=\"_blank\" rel=\"noreferrer noopener\"><strong><em>Explora nuestras gu\u00edas completas<\/em><\/strong><\/a><strong><em>, elige tu pr\u00f3ximo destino y planifica tu viaje con seguridad e informaci\u00f3n actualizada.<\/em><\/strong><\/p>\n<\/blockquote>\n\n\n\n<h2 class=\"wp-block-heading\"><strong>\u00bfD\u00f3nde retirar dinero en los cajeros ATM24h en Brasil?<\/strong><\/h2>\n\n\n\n<p>Para aprovechar al m\u00e1ximo tu viaje, lleva efectivo para comidas, transporte, atracciones, etc. Aqu\u00ed algunos puntos ATM24h mencionados en este art\u00edculo:<\/p>\n\n\n\n<figure class=\"wp-block-table is-style-stripes\"><table class=\"has-fixed-layout\"><tbody><tr><td class=\"has-text-align-center\" data-align=\"center\"><strong>D\u00f3nde<\/strong><\/td><td class=\"has-text-align-center\" data-align=\"center\"><strong>Ubicaci\u00f3n<\/strong><\/td><\/tr><tr><td class=\"has-text-align-center\" data-align=\"center\">Aeropuerto de Guarulhos \u2013 S\u00e3o Paulo<\/td><td class=\"has-text-align-center\" data-align=\"center\"><a class=\"external-link\" target=\"_blank\" rel=\"noopener\" href=\"https:\/\/atm24h.com.br\/es\/puntos-instalados\/\" target=\"_blank\" rel=\"noreferrer noopener\">Consulta todos los puntos aqu\u00ed<\/a><\/td><\/tr><tr><td class=\"has-text-align-center\" data-align=\"center\">Aeropuerto de Congonhas \u2013 S\u00e3o Paulo<\/td><td class=\"has-text-align-center\" data-align=\"center\"><a class=\"external-link\" target=\"_blank\" rel=\"noopener\" href=\"https:\/\/atm24h.com.br\/es\/puntos-instalados\/\" target=\"_blank\" rel=\"noreferrer noopener\">Consulta todos los puntos aqu\u00ed<\/a><\/td><\/tr><tr><td class=\"has-text-align-center\" data-align=\"center\">Aeropuerto de Curitiba<\/td><td class=\"has-text-align-center\" data-align=\"center\"><a class=\"external-link\" target=\"_blank\" rel=\"noopener\" href=\"https:\/\/atm24h.com.br\/es\/puntos-instalados\/\" target=\"_blank\" rel=\"noreferrer noopener\">Consulta todos los puntos aqu\u00ed<\/a><\/td><\/tr><tr><td class=\"has-text-align-center\" data-align=\"center\">Aeropuerto de Bras\u00edlia<\/td><td class=\"has-text-align-center\" data-align=\"center\"><a class=\"external-link\" target=\"_blank\" rel=\"noopener\" href=\"https:\/\/atm24h.com.br\/es\/puntos-instalados\/\" target=\"_blank\" rel=\"noreferrer noopener\">Consulta todos los puntos aqu\u00ed<\/a><\/td><\/tr><tr><td class=\"has-text-align-center\" data-align=\"center\">Aeropuerto de Florian\u00f3polis<\/td><td class=\"has-text-align-center\" data-align=\"center\"><a class=\"external-link\" target=\"_blank\" rel=\"noopener\" href=\"https:\/\/atm24h.com.br\/es\/puntos-instalados\/\" target=\"_blank\" rel=\"noreferrer noopener\">Consulta todos los puntos aqu\u00ed<\/a><\/td><\/tr><\/tbody><\/table><\/figure>\n\n\n\n<div class=\"wp-block-buttons is-content-justification-center is-layout-flex wp-container-core-buttons-is-layout-7 wp-block-buttons-is-layout-flex\">\n<div class=\"wp-block-button\"><a class=\"wp-block-button__link has-text-color has-background has-link-color wp-element-button\" href=\"https:\/\/brasilatm.com\/es\/planificacion-de-viajes-en-brasil\/\" style=\"color:#131564;background-color:#ffd202\" target=\"_blank\" rel=\"noreferrer noopener\"><strong>Planifica tu viaje con Brasil ATM<\/strong><\/a><\/div>\n<\/div>\n\n\n\n<h2 class=\"wp-block-heading\"><strong>Conoce Brasil ATM<\/strong><\/h2>\n\n\n\n<p>En <strong>Brasil ATM<\/strong>, vemos a Brasil como un lugar lleno de belleza \u00fanica y cultura fascinante. Nuestro portal, respaldado por la marca global ATM24h, refleja nuestro amor por Brasil. Queremos inspirar a los turistas a explorar sus maravillas de forma segura y bien informada.<\/p>\n\n\n\n<p>Brindamos informaci\u00f3n precisa, actualizada e inspiradora en tres idiomas, para que puedas planificar tu viaje con confianza. Tenemos todo lo necesario para viajeros: gu\u00edas de viaje, itinerarios detallados y consejos de planificaci\u00f3n.<\/p>\n\n\n\n<p>Queremos ayudarte a crear recuerdos inolvidables. Descubre lugares ic\u00f3nicos como R\u00edo de Janeiro y S\u00e3o Paulo, y tesoros escondidos como Len\u00e7\u00f3is Maranhenses y Fernando de Noronha. Estamos aqu\u00ed para que aproveches tu viaje al m\u00e1ximo.<\/p>\n\n\n\n<figure class=\"wp-block-image aligncenter size-full\"><img loading=\"lazy\" decoding=\"async\" width=\"1024\" height=\"666\" src=\"https:\/\/brasilatm.com\/es\/wp-content\/uploads\/2025\/02\/brasil-atm.webp\" alt=\"\" class=\"wp-image-7744\" srcset=\"https:\/\/brasilatm.com\/es\/wp-content\/uploads\/2025\/02\/brasil-atm.webp 1024w, https:\/\/brasilatm.com\/es\/wp-content\/uploads\/2025\/02\/brasil-atm-300x195.webp 300w, https:\/\/brasilatm.com\/es\/wp-content\/uploads\/2025\/02\/brasil-atm-768x500.webp 768w, https:\/\/brasilatm.com\/es\/wp-content\/uploads\/2025\/02\/brasil-atm-150x98.webp 150w\" sizes=\"(max-width: 1024px) 100vw, 1024px\" \/><figcaption class=\"wp-element-caption\"><em>Explora Brasil con confianza y seguridad. Encuentra gu\u00edas, consejos y lugares incre\u00edbles para tu viaje, desde R\u00edo hasta rincones escondidos. \u00a1Insp\u00edrate y viaja tranquilo!<\/em><\/figcaption><\/figure>\n\n\n\n<h2 class=\"wp-block-heading\"><strong>\u00bfTe gust\u00f3 este art\u00edculo? Lee m\u00e1s sobre Brasil:<\/strong><\/h2>\n\n\n\n<ul class=\"wp-block-list\">\n<li><a href=\"https:\/\/brasilatm.com\/es\/como-usar-uber-en-brasil\/\" target=\"_blank\" rel=\"noreferrer noopener\">C\u00f3mo usar Uber en Brasil<\/a><\/li>\n\n\n\n<li><a href=\"https:\/\/brasilatm.com\/es\/lmejores-lugares-para-visitar-en-brasil\/\" target=\"_blank\" rel=\"noreferrer noopener\">Mejores lugares para visitar en Brasil<\/a><\/li>\n\n\n\n<li><a href=\"https:\/\/brasilatm.com\/es\/mejor-tarjeta-de-credito-para-usar-en-brasil\/\" target=\"_blank\" rel=\"noreferrer noopener\">\u00bfCu\u00e1l es la mejor tarjeta de cr\u00e9dito para usar en Brasil?<\/a><\/li>\n\n\n\n<li><a href=\"https:\/\/brasilatm.com\/es\/aplicaciones-para-extranjeros-en-brasil\/\" target=\"_blank\" rel=\"noreferrer noopener\">Aplicaciones para extranjeros en Brasil \u2013 Las 11 imprescindibles<\/a><\/li>\n<\/ul>\n\n\n\n<h2 class=\"wp-block-heading\"><strong>Preguntas frecuentes sobre el verano en Brasil<\/strong><\/h2>\n\n\n\n<div class=\"schema-faq wp-block-yoast-faq-block\"><div class=\"schema-faq-section\" id=\"faq-question-1752164746198\"><strong class=\"schema-faq-question\"><strong>\u00bfCu\u00e1l es la temperatura media en Brasil durante el verano?<\/strong><\/strong> <p class=\"schema-faq-answer\">La temperatura media en verano en Brasil var\u00eda entre 25\u202f\u00b0C y 34\u202f\u00b0C, con calor intenso en muchas regiones. <a href=\"https:\/\/brasilatm.com\/es\/verano-en-brasil\">Consulta nuestras gu\u00edas y planifica tu viaje con Brasil ATM.<\/a><\/p> <\/div> <div class=\"schema-faq-section\" id=\"faq-question-1752164752297\"><strong class=\"schema-faq-question\"><strong>\u00bfEs seguro viajar por Brasil durante el verano?<\/strong><\/strong> <p class=\"schema-faq-answer\">S\u00ed, con planificaci\u00f3n, reservas anticipadas y cuidados frente al calor y la lluvia. <a href=\"https:\/\/brasilatm.com\/es\/verano-en-brasil\">Conf\u00eda en Brasil ATM para un viaje tranquilo y pr\u00e1ctico.<\/a><\/p> <\/div> <div class=\"schema-faq-section\" id=\"faq-question-1752164758548\"><strong class=\"schema-faq-question\"><strong>\u00bfD\u00f3nde hace menos calor en Brasil durante el verano?<\/strong><\/strong> <p class=\"schema-faq-answer\">Ciudades serranas como Gramado y Campos do Jord\u00e3o tienen temperaturas m\u00e1s frescas. <a href=\"https:\/\/brasilatm.com\/es\/verano-en-brasil\">Consulta las mejores opciones en nuestra gu\u00eda de destinos de verano.<\/a><\/p> <\/div> <div class=\"schema-faq-section\" id=\"faq-question-1752164763850\"><strong class=\"schema-faq-question\"><strong>\u00bfCu\u00e1les son las playas m\u00e1s famosas para visitar en verano en Brasil?<\/strong><\/strong> <p class=\"schema-faq-answer\">Copacabana, Ipanema, Jericoacoara y Porto de Galinhas encabezan las preferencias. <a href=\"https:\/\/brasilatm.com\/es\/verano-en-brasil\">Descubre m\u00e1s destinos con Brasil ATM y organiza tu viaje ideal.<\/a><\/p> <\/div> <\/div>\n\n\n\n<p><\/p>\n","protected":false},"excerpt":{"rendered":"<p>El verano en Brasil tiene una energ\u00eda \u00fanica. Es la estaci\u00f3n en la que el sol brilla con fuerza, las [&hellip;]<\/p>\n","protected":false},"author":7,"featured_media":8289,"comment_status":"open","ping_status":"open","sticky":false,"template":"","format":"standard","meta":{"_acf_changed":false,"inline_featured_image":false,"site-sidebar-layout":"default","site-content-layout":"","ast-site-content-layout":"","site-content-style":"default","site-sidebar-style":"default","ast-global-header-display":"","ast-banner-title-visibility":"","ast-main-header-display":"","ast-hfb-above-header-display":"","ast-hfb-below-header-display":"","ast-hfb-mobile-header-display":"","site-post-title":"","ast-breadcrumbs-content":"","ast-featured-img":"","footer-sml-layout":"","theme-transparent-header-meta":"","adv-header-id-meta":"","stick-header-meta":"","header-above-stick-meta":"","header-main-stick-meta":"","header-below-stick-meta":"","astra-migrate-meta-layouts":"default","ast-page-background-enabled":"default","ast-page-background-meta":{"desktop":{"background-color":"var(--ast-global-color-4)","background-image":"","background-repeat":"repeat","background-position":"center center","background-size":"auto","background-attachment":"scroll","background-type":"","background-media":"","overlay-type":"","overlay-color":"","overlay-opacity":"","overlay-gradient":""},"tablet":{"background-color":"","background-image":"","background-repeat":"repeat","background-position":"center center","background-size":"auto","background-attachment":"scroll","background-type":"","background-media":"","overlay-type":"","overlay-color":"","overlay-opacity":"","overlay-gradient":""},"mobile":{"background-color":"","background-image":"","background-repeat":"repeat","background-position":"center center","background-size":"auto","background-attachment":"scroll","background-type":"","background-media":"","overlay-type":"","overlay-color":"","overlay-opacity":"","overlay-gradient":""}},"ast-content-background-meta":{"desktop":{"background-color":"var(--ast-global-color-5)","background-image":"","background-repeat":"repeat","background-position":"center center","background-size":"auto","background-attachment":"scroll","background-type":"","background-media":"","overlay-type":"","overlay-color":"","overlay-opacity":"","overlay-gradient":""},"tablet":{"background-color":"var(--ast-global-color-5)","background-image":"","background-repeat":"repeat","background-position":"center center","background-size":"auto","background-attachment":"scroll","background-type":"","background-media":"","overlay-type":"","overlay-color":"","overlay-opacity":"","overlay-gradient":""},"mobile":{"background-color":"var(--ast-global-color-5)","background-image":"","background-repeat":"repeat","background-position":"center center","background-size":"auto","background-attachment":"scroll","background-type":"","background-media":"","overlay-type":"","overlay-color":"","overlay-opacity":"","overlay-gradient":""}},"footnotes":""},"categories":[64],"tags":[],"class_list":["post-8288","post","type-post","status-publish","format-standard","has-post-thumbnail","hentry","category-planificacion-de-viajes-en-brasil"],"acf":[],"yoast_head":"<!-- This site is optimized with the Yoast SEO plugin v24.5 - https:\/\/yoast.com\/wordpress\/plugins\/seo\/ -->\n<title>Verano en Brasil \u2013 Clima, ad\u00f3nde ir y qu\u00e9 ver<\/title>\n<meta name=\"description\" content=\"Verano en Brasil: clima, destinos y qu\u00e9 ver para disfrutar con seguridad y experiencias reales. \u00a1Planifica con Brasil ATM!\" \/>\n<meta name=\"robots\" content=\"index, follow, max-snippet:-1, max-image-preview:large, max-video-preview:-1\" \/>\n<link rel=\"canonical\" href=\"https:\/\/brasilatm.com\/es\/verano-en-brasil\/\" \/>\n<meta property=\"og:locale\" content=\"es_ES\" \/>\n<meta property=\"og:type\" content=\"article\" \/>\n<meta property=\"og:title\" content=\"Verano en Brasil \u2013 Clima, ad\u00f3nde ir y qu\u00e9 ver\" \/>\n<meta property=\"og:description\" content=\"Verano en Brasil: clima, destinos y qu\u00e9 ver para disfrutar con seguridad y experiencias reales. \u00a1Planifica con Brasil ATM!\" \/>\n<meta property=\"og:url\" content=\"https:\/\/brasilatm.com\/es\/verano-en-brasil\/\" \/>\n<meta property=\"og:site_name\" content=\"BrasilATM\" \/>\n<meta property=\"article:published_time\" content=\"2025-07-10T16:31:30+00:00\" \/>\n<meta property=\"article:modified_time\" content=\"2025-07-10T18:41:08+00:00\" \/>\n<meta property=\"og:image\" content=\"https:\/\/brasilatm.com\/es\/wp-content\/uploads\/2025\/07\/verao-no-brasil.jpg\" \/>\n\t<meta property=\"og:image:width\" content=\"800\" \/>\n\t<meta property=\"og:image:height\" content=\"533\" \/>\n\t<meta property=\"og:image:type\" content=\"image\/jpeg\" \/>\n<meta name=\"author\" content=\"L\u00edgia\" \/>\n<meta name=\"twitter:card\" content=\"summary_large_image\" \/>\n<meta name=\"twitter:label1\" content=\"Escrito por\" \/>\n\t<meta name=\"twitter:data1\" content=\"L\u00edgia\" \/>\n\t<meta name=\"twitter:label2\" content=\"Tiempo de lectura\" \/>\n\t<meta name=\"twitter:data2\" content=\"11 minutos\" \/>\n<script type=\"application\/ld+json\" class=\"yoast-schema-graph\">{\"@context\":\"https:\/\/schema.org\",\"@graph\":[{\"@type\":[\"WebPage\",\"FAQPage\"],\"@id\":\"https:\/\/brasilatm.com\/es\/verano-en-brasil\/\",\"url\":\"https:\/\/brasilatm.com\/es\/verano-en-brasil\/\",\"name\":\"Verano en Brasil \u2013 Clima, ad\u00f3nde ir y qu\u00e9 ver\",\"isPartOf\":{\"@id\":\"https:\/\/brasilatm.com\/es\/#website\"},\"primaryImageOfPage\":{\"@id\":\"https:\/\/brasilatm.com\/es\/verano-en-brasil\/#primaryimage\"},\"image\":{\"@id\":\"https:\/\/brasilatm.com\/es\/verano-en-brasil\/#primaryimage\"},\"thumbnailUrl\":\"https:\/\/brasilatm.com\/es\/wp-content\/uploads\/2025\/07\/verao-no-brasil.jpg\",\"datePublished\":\"2025-07-10T16:31:30+00:00\",\"dateModified\":\"2025-07-10T18:41:08+00:00\",\"author\":{\"@id\":\"https:\/\/brasilatm.com\/es\/#\/schema\/person\/06e8d6dfb6813d2ece2e073065bfe792\"},\"description\":\"Verano en Brasil: clima, destinos y qu\u00e9 ver para disfrutar con seguridad y experiencias reales. \u00a1Planifica con Brasil ATM!\",\"breadcrumb\":{\"@id\":\"https:\/\/brasilatm.com\/es\/verano-en-brasil\/#breadcrumb\"},\"mainEntity\":[{\"@id\":\"https:\/\/brasilatm.com\/es\/verano-en-brasil\/#faq-question-1752164746198\"},{\"@id\":\"https:\/\/brasilatm.com\/es\/verano-en-brasil\/#faq-question-1752164752297\"},{\"@id\":\"https:\/\/brasilatm.com\/es\/verano-en-brasil\/#faq-question-1752164758548\"},{\"@id\":\"https:\/\/brasilatm.com\/es\/verano-en-brasil\/#faq-question-1752164763850\"}],\"inLanguage\":\"es\",\"potentialAction\":[{\"@type\":\"ReadAction\",\"target\":[\"https:\/\/brasilatm.com\/es\/verano-en-brasil\/\"]}]},{\"@type\":\"ImageObject\",\"inLanguage\":\"es\",\"@id\":\"https:\/\/brasilatm.com\/es\/verano-en-brasil\/#primaryimage\",\"url\":\"https:\/\/brasilatm.com\/es\/wp-content\/uploads\/2025\/07\/verao-no-brasil.jpg\",\"contentUrl\":\"https:\/\/brasilatm.com\/es\/wp-content\/uploads\/2025\/07\/verao-no-brasil.jpg\",\"width\":800,\"height\":533,\"caption\":\"Verano en Brasil \u2013 Clima, destinos y qu\u00e9 ver para disfrutar al m\u00e1ximo\"},{\"@type\":\"BreadcrumbList\",\"@id\":\"https:\/\/brasilatm.com\/es\/verano-en-brasil\/#breadcrumb\",\"itemListElement\":[{\"@type\":\"ListItem\",\"position\":1,\"name\":\"Portada\",\"item\":\"https:\/\/brasilatm.com\/es\/\"},{\"@type\":\"ListItem\",\"position\":2,\"name\":\"Verano en Brasil \u2013 Clima, destinos y qu\u00e9 ver para disfrutar al m\u00e1ximo\"}]},{\"@type\":\"WebSite\",\"@id\":\"https:\/\/brasilatm.com\/es\/#website\",\"url\":\"https:\/\/brasilatm.com\/es\/\",\"name\":\"BrasilATM\",\"description\":\"Sitio en Espa\u00f1ol\",\"potentialAction\":[{\"@type\":\"SearchAction\",\"target\":{\"@type\":\"EntryPoint\",\"urlTemplate\":\"https:\/\/brasilatm.com\/es\/?s={search_term_string}\"},\"query-input\":{\"@type\":\"PropertyValueSpecification\",\"valueRequired\":true,\"valueName\":\"search_term_string\"}}],\"inLanguage\":\"es\"},{\"@type\":\"Person\",\"@id\":\"https:\/\/brasilatm.com\/es\/#\/schema\/person\/06e8d6dfb6813d2ece2e073065bfe792\",\"name\":\"L\u00edgia\",\"image\":{\"@type\":\"ImageObject\",\"inLanguage\":\"es\",\"@id\":\"https:\/\/brasilatm.com\/es\/#\/schema\/person\/image\/\",\"url\":\"https:\/\/secure.gravatar.com\/avatar\/87dec5988a1793c51a4d532fe865ea4c?s=96&d=mm&r=g\",\"contentUrl\":\"https:\/\/secure.gravatar.com\/avatar\/87dec5988a1793c51a4d532fe865ea4c?s=96&d=mm&r=g\",\"caption\":\"L\u00edgia\"},\"url\":\"https:\/\/brasilatm.com\/es\/author\/redator\/\"},{\"@type\":\"Question\",\"@id\":\"https:\/\/brasilatm.com\/es\/verano-en-brasil\/#faq-question-1752164746198\",\"position\":1,\"url\":\"https:\/\/brasilatm.com\/es\/verano-en-brasil\/#faq-question-1752164746198\",\"name\":\"\u00bfCu\u00e1l es la temperatura media en Brasil durante el verano?\",\"answerCount\":1,\"acceptedAnswer\":{\"@type\":\"Answer\",\"text\":\"La temperatura media en verano en Brasil var\u00eda entre 25\u202f\u00b0C y 34\u202f\u00b0C, con calor intenso en muchas regiones. <a href=\\\"https:\/\/brasilatm.com\/es\/verano-en-brasil\\\">Consulta nuestras gu\u00edas y planifica tu viaje con Brasil ATM.<\/a>\",\"inLanguage\":\"es\"},\"inLanguage\":\"es\"},{\"@type\":\"Question\",\"@id\":\"https:\/\/brasilatm.com\/es\/verano-en-brasil\/#faq-question-1752164752297\",\"position\":2,\"url\":\"https:\/\/brasilatm.com\/es\/verano-en-brasil\/#faq-question-1752164752297\",\"name\":\"\u00bfEs seguro viajar por Brasil durante el verano?\",\"answerCount\":1,\"acceptedAnswer\":{\"@type\":\"Answer\",\"text\":\"S\u00ed, con planificaci\u00f3n, reservas anticipadas y cuidados frente al calor y la lluvia. <a href=\\\"https:\/\/brasilatm.com\/es\/verano-en-brasil\\\">Conf\u00eda en Brasil ATM para un viaje tranquilo y pr\u00e1ctico.<\/a>\",\"inLanguage\":\"es\"},\"inLanguage\":\"es\"},{\"@type\":\"Question\",\"@id\":\"https:\/\/brasilatm.com\/es\/verano-en-brasil\/#faq-question-1752164758548\",\"position\":3,\"url\":\"https:\/\/brasilatm.com\/es\/verano-en-brasil\/#faq-question-1752164758548\",\"name\":\"\u00bfD\u00f3nde hace menos calor en Brasil durante el verano?\",\"answerCount\":1,\"acceptedAnswer\":{\"@type\":\"Answer\",\"text\":\"Ciudades serranas como Gramado y Campos do Jord\u00e3o tienen temperaturas m\u00e1s frescas. <a href=\\\"https:\/\/brasilatm.com\/es\/verano-en-brasil\\\">Consulta las mejores opciones en nuestra gu\u00eda de destinos de verano.<\/a>\",\"inLanguage\":\"es\"},\"inLanguage\":\"es\"},{\"@type\":\"Question\",\"@id\":\"https:\/\/brasilatm.com\/es\/verano-en-brasil\/#faq-question-1752164763850\",\"position\":4,\"url\":\"https:\/\/brasilatm.com\/es\/verano-en-brasil\/#faq-question-1752164763850\",\"name\":\"\u00bfCu\u00e1les son las playas m\u00e1s famosas para visitar en verano en Brasil?\",\"answerCount\":1,\"acceptedAnswer\":{\"@type\":\"Answer\",\"text\":\"Copacabana, Ipanema, Jericoacoara y Porto de Galinhas encabezan las preferencias. <a href=\\\"https:\/\/brasilatm.com\/es\/verano-en-brasil\\\">Descubre m\u00e1s destinos con Brasil ATM y organiza tu viaje ideal.<\/a>\",\"inLanguage\":\"es\"},\"inLanguage\":\"es\"}]}<\/script>\n<!-- \/ Yoast SEO plugin. -->","yoast_head_json":{"title":"Verano en Brasil \u2013 Clima, ad\u00f3nde ir y qu\u00e9 ver","description":"Verano en Brasil: clima, destinos y qu\u00e9 ver para disfrutar con seguridad y experiencias reales. \u00a1Planifica con Brasil ATM!","robots":{"index":"index","follow":"follow","max-snippet":"max-snippet:-1","max-image-preview":"max-image-preview:large","max-video-preview":"max-video-preview:-1"},"canonical":"https:\/\/brasilatm.com\/es\/verano-en-brasil\/","og_locale":"es_ES","og_type":"article","og_title":"Verano en Brasil \u2013 Clima, ad\u00f3nde ir y qu\u00e9 ver","og_description":"Verano en Brasil: clima, destinos y qu\u00e9 ver para disfrutar con seguridad y experiencias reales. \u00a1Planifica con Brasil ATM!","og_url":"https:\/\/brasilatm.com\/es\/verano-en-brasil\/","og_site_name":"BrasilATM","article_published_time":"2025-07-10T16:31:30+00:00","article_modified_time":"2025-07-10T18:41:08+00:00","og_image":[{"width":800,"height":533,"url":"https:\/\/brasilatm.com\/es\/wp-content\/uploads\/2025\/07\/verao-no-brasil.jpg","type":"image\/jpeg"}],"author":"L\u00edgia","twitter_card":"summary_large_image","twitter_misc":{"Escrito por":"L\u00edgia","Tiempo de lectura":"11 minutos"},"schema":{"@context":"https:\/\/schema.org","@graph":[{"@type":["WebPage","FAQPage"],"@id":"https:\/\/brasilatm.com\/es\/verano-en-brasil\/","url":"https:\/\/brasilatm.com\/es\/verano-en-brasil\/","name":"Verano en Brasil \u2013 Clima, ad\u00f3nde ir y qu\u00e9 ver","isPartOf":{"@id":"https:\/\/brasilatm.com\/es\/#website"},"primaryImageOfPage":{"@id":"https:\/\/brasilatm.com\/es\/verano-en-brasil\/#primaryimage"},"image":{"@id":"https:\/\/brasilatm.com\/es\/verano-en-brasil\/#primaryimage"},"thumbnailUrl":"https:\/\/brasilatm.com\/es\/wp-content\/uploads\/2025\/07\/verao-no-brasil.jpg","datePublished":"2025-07-10T16:31:30+00:00","dateModified":"2025-07-10T18:41:08+00:00","author":{"@id":"https:\/\/brasilatm.com\/es\/#\/schema\/person\/06e8d6dfb6813d2ece2e073065bfe792"},"description":"Verano en Brasil: clima, destinos y qu\u00e9 ver para disfrutar con seguridad y experiencias reales. \u00a1Planifica con Brasil ATM!","breadcrumb":{"@id":"https:\/\/brasilatm.com\/es\/verano-en-brasil\/#breadcrumb"},"mainEntity":[{"@id":"https:\/\/brasilatm.com\/es\/verano-en-brasil\/#faq-question-1752164746198"},{"@id":"https:\/\/brasilatm.com\/es\/verano-en-brasil\/#faq-question-1752164752297"},{"@id":"https:\/\/brasilatm.com\/es\/verano-en-brasil\/#faq-question-1752164758548"},{"@id":"https:\/\/brasilatm.com\/es\/verano-en-brasil\/#faq-question-1752164763850"}],"inLanguage":"es","potentialAction":[{"@type":"ReadAction","target":["https:\/\/brasilatm.com\/es\/verano-en-brasil\/"]}]},{"@type":"ImageObject","inLanguage":"es","@id":"https:\/\/brasilatm.com\/es\/verano-en-brasil\/#primaryimage","url":"https:\/\/brasilatm.com\/es\/wp-content\/uploads\/2025\/07\/verao-no-brasil.jpg","contentUrl":"https:\/\/brasilatm.com\/es\/wp-content\/uploads\/2025\/07\/verao-no-brasil.jpg","width":800,"height":533,"caption":"Verano en Brasil \u2013 Clima, destinos y qu\u00e9 ver para disfrutar al m\u00e1ximo"},{"@type":"BreadcrumbList","@id":"https:\/\/brasilatm.com\/es\/verano-en-brasil\/#breadcrumb","itemListElement":[{"@type":"ListItem","position":1,"name":"Portada","item":"https:\/\/brasilatm.com\/es\/"},{"@type":"ListItem","position":2,"name":"Verano en Brasil \u2013 Clima, destinos y qu\u00e9 ver para disfrutar al m\u00e1ximo"}]},{"@type":"WebSite","@id":"https:\/\/brasilatm.com\/es\/#website","url":"https:\/\/brasilatm.com\/es\/","name":"BrasilATM","description":"Sitio en Espa\u00f1ol","potentialAction":[{"@type":"SearchAction","target":{"@type":"EntryPoint","urlTemplate":"https:\/\/brasilatm.com\/es\/?s={search_term_string}"},"query-input":{"@type":"PropertyValueSpecification","valueRequired":true,"valueName":"search_term_string"}}],"inLanguage":"es"},{"@type":"Person","@id":"https:\/\/brasilatm.com\/es\/#\/schema\/person\/06e8d6dfb6813d2ece2e073065bfe792","name":"L\u00edgia","image":{"@type":"ImageObject","inLanguage":"es","@id":"https:\/\/brasilatm.com\/es\/#\/schema\/person\/image\/","url":"https:\/\/secure.gravatar.com\/avatar\/87dec5988a1793c51a4d532fe865ea4c?s=96&d=mm&r=g","contentUrl":"https:\/\/secure.gravatar.com\/avatar\/87dec5988a1793c51a4d532fe865ea4c?s=96&d=mm&r=g","caption":"L\u00edgia"},"url":"https:\/\/brasilatm.com\/es\/author\/redator\/"},{"@type":"Question","@id":"https:\/\/brasilatm.com\/es\/verano-en-brasil\/#faq-question-1752164746198","position":1,"url":"https:\/\/brasilatm.com\/es\/verano-en-brasil\/#faq-question-1752164746198","name":"\u00bfCu\u00e1l es la temperatura media en Brasil durante el verano?","answerCount":1,"acceptedAnswer":{"@type":"Answer","text":"La temperatura media en verano en Brasil var\u00eda entre 25\u202f\u00b0C y 34\u202f\u00b0C, con calor intenso en muchas regiones. <a href=\"https:\/\/brasilatm.com\/es\/verano-en-brasil\">Consulta nuestras gu\u00edas y planifica tu viaje con Brasil ATM.<\/a>","inLanguage":"es"},"inLanguage":"es"},{"@type":"Question","@id":"https:\/\/brasilatm.com\/es\/verano-en-brasil\/#faq-question-1752164752297","position":2,"url":"https:\/\/brasilatm.com\/es\/verano-en-brasil\/#faq-question-1752164752297","name":"\u00bfEs seguro viajar por Brasil durante el verano?","answerCount":1,"acceptedAnswer":{"@type":"Answer","text":"S\u00ed, con planificaci\u00f3n, reservas anticipadas y cuidados frente al calor y la lluvia. <a href=\"https:\/\/brasilatm.com\/es\/verano-en-brasil\">Conf\u00eda en Brasil ATM para un viaje tranquilo y pr\u00e1ctico.<\/a>","inLanguage":"es"},"inLanguage":"es"},{"@type":"Question","@id":"https:\/\/brasilatm.com\/es\/verano-en-brasil\/#faq-question-1752164758548","position":3,"url":"https:\/\/brasilatm.com\/es\/verano-en-brasil\/#faq-question-1752164758548","name":"\u00bfD\u00f3nde hace menos calor en Brasil durante el verano?","answerCount":1,"acceptedAnswer":{"@type":"Answer","text":"Ciudades serranas como Gramado y Campos do Jord\u00e3o tienen temperaturas m\u00e1s frescas. <a href=\"https:\/\/brasilatm.com\/es\/verano-en-brasil\">Consulta las mejores opciones en nuestra gu\u00eda de destinos de verano.<\/a>","inLanguage":"es"},"inLanguage":"es"},{"@type":"Question","@id":"https:\/\/brasilatm.com\/es\/verano-en-brasil\/#faq-question-1752164763850","position":4,"url":"https:\/\/brasilatm.com\/es\/verano-en-brasil\/#faq-question-1752164763850","name":"\u00bfCu\u00e1les son las playas m\u00e1s famosas para visitar en verano en Brasil?","answerCount":1,"acceptedAnswer":{"@type":"Answer","text":"Copacabana, Ipanema, Jericoacoara y Porto de Galinhas encabezan las preferencias. <a href=\"https:\/\/brasilatm.com\/es\/verano-en-brasil\">Descubre m\u00e1s destinos con Brasil ATM y organiza tu viaje ideal.<\/a>","inLanguage":"es"},"inLanguage":"es"}]}},"_links":{"self":[{"href":"https:\/\/brasilatm.com\/es\/wp-json\/wp\/v2\/posts\/8288","targetHints":{"allow":["GET"]}}],"collection":[{"href":"https:\/\/brasilatm.com\/es\/wp-json\/wp\/v2\/posts"}],"about":[{"href":"https:\/\/brasilatm.com\/es\/wp-json\/wp\/v2\/types\/post"}],"author":[{"embeddable":true,"href":"https:\/\/brasilatm.com\/es\/wp-json\/wp\/v2\/users\/7"}],"replies":[{"embeddable":true,"href":"https:\/\/brasilatm.com\/es\/wp-json\/wp\/v2\/comments?post=8288"}],"version-history":[{"count":2,"href":"https:\/\/brasilatm.com\/es\/wp-json\/wp\/v2\/posts\/8288\/revisions"}],"predecessor-version":[{"id":8302,"href":"https:\/\/brasilatm.com\/es\/wp-json\/wp\/v2\/posts\/8288\/revisions\/8302"}],"wp:featuredmedia":[{"embeddable":true,"href":"https:\/\/brasilatm.com\/es\/wp-json\/wp\/v2\/media\/8289"}],"wp:attachment":[{"href":"https:\/\/brasilatm.com\/es\/wp-json\/wp\/v2\/media?parent=8288"}],"wp:term":[{"taxonomy":"category","embeddable":true,"href":"https:\/\/brasilatm.com\/es\/wp-json\/wp\/v2\/categories?post=8288"},{"taxonomy":"post_tag","embeddable":true,"href":"https:\/\/brasilatm.com\/es\/wp-json\/wp\/v2\/tags?post=8288"}],"curies":[{"name":"wp","href":"https:\/\/api.w.org\/{rel}","templated":true}]}}