{"id":6027,"date":"2025-09-26T09:55:56","date_gmt":"2025-09-26T12:55:56","guid":{"rendered":"https:\/\/atm24h.com.br\/es\/?p=6027"},"modified":"2025-09-29T15:07:30","modified_gmt":"2025-09-29T18:07:30","slug":"brasil-en-julio","status":"publish","type":"post","link":"https:\/\/brasilatm.com\/es\/brasil-en-julio\/","title":{"rendered":"Brasil en julio \u2013 Qu\u00e9 hacer, d\u00f3nde ir y c\u00f3mo es el clima"},"content":{"rendered":"\n<p>Viajar por Brasil en julio es vivir un mes marcado por contrastes y experiencias. Mientras algunas regiones enfrentan temperaturas bajas y paisajes t\u00edpicos de invierno, otras siguen soleadas y vibrantes, ideales para quienes buscan playa y calor.<\/p>\n\n\n\n<p>Julio tambi\u00e9n es un per\u00edodo de alta temporada, ya que coincide con las vacaciones escolares y con la realizaci\u00f3n de importantes fiestas culturales en diferentes partes del pa\u00eds. Esto hace que el turismo sea intenso, reuniendo a viajeros en busca de ocio, cultura y contacto con la naturaleza.<\/p>\n\n\n\n<p><a href=\"https:\/\/brasilatm.com\/es\/\" target=\"_blank\" rel=\"noreferrer noopener\">Brasil ATM<\/a> reuni\u00f3 informaci\u00f3n detallada sobre clima, destinos, itinerarios y consejos pr\u00e1cticos para ayudar a los viajeros a planear su viaje en julio con seguridad, comodidad y econom\u00eda.<\/p>\n\n\n\n<div class=\"wp-block-buttons is-content-justification-center is-layout-flex wp-container-core-buttons-is-layout-1 wp-block-buttons-is-layout-flex\">\n<div class=\"wp-block-button\"><a class=\"wp-block-button__link has-text-color has-background has-link-color wp-element-button\" href=\"https:\/\/brasilatm.com\/es\/\" style=\"color:#131564;background-color:#ffd202\" target=\"_blank\" rel=\"noreferrer noopener\"><strong>Descubre Brasil como nunca lo has visto<\/strong><\/a><\/div>\n<\/div>\n\n\n\n<p><\/p>\n\n\n\n<figure class=\"wp-block-image aligncenter size-full\"><img fetchpriority=\"high\" decoding=\"async\" width=\"571\" height=\"800\" src=\"https:\/\/brasilatm.com\/es\/wp-content\/uploads\/2024\/04\/brasil-em-julho-intro.jpg\" alt=\"\" class=\"wp-image-8586\" srcset=\"https:\/\/brasilatm.com\/es\/wp-content\/uploads\/2024\/04\/brasil-em-julho-intro.jpg 571w, https:\/\/brasilatm.com\/es\/wp-content\/uploads\/2024\/04\/brasil-em-julho-intro-214x300.jpg 214w, https:\/\/brasilatm.com\/es\/wp-content\/uploads\/2024\/04\/brasil-em-julho-intro-150x210.jpg 150w\" sizes=\"(max-width: 571px) 100vw, 571px\" \/><figcaption class=\"wp-element-caption\"><em>Contenido producido por el equipo de Brasil ATM, especialistas en turismo y cultura brasile\u00f1a. Con base en datos confiables y experiencias reales, mostramos c\u00f3mo es Brasil en julio, cu\u00e1les son los mejores destinos para este per\u00edodo y c\u00f3mo planear tu viaje con seguridad, practicidad e informaci\u00f3n de calidad.<\/em><\/figcaption><\/figure>\n\n\n\n<h2 class=\"wp-block-heading\"><strong>\u00bfC\u00f3mo es el clima en Brasil en julio?<\/strong><\/h2>\n\n\n\n<p>El clima en Brasil en julio var\u00eda seg\u00fan la regi\u00f3n:<\/p>\n\n\n\n<ul class=\"wp-block-list\">\n<li><strong>Sur y Sudeste:<\/strong> temperaturas m\u00e1s bajas, con medias entre 8\u00b0C y 18\u00b0C, ideal para viajes de invierno y festivales gastron\u00f3micos.<\/li>\n\n\n\n<li><strong>Centro-Oeste:<\/strong> clima seco, con poca lluvia y d\u00edas soleados, perfecto para el ecoturismo.<\/li>\n\n\n\n<li><strong>Noreste:<\/strong> sol constante, aguas c\u00e1lidas y clima caluroso, entre 23\u00b0C y 30\u00b0C.<\/li>\n\n\n\n<li><strong>Norte:<\/strong> las lluvias disminuyen en comparaci\u00f3n con el primer semestre, lo que facilita paseos por r\u00edos y selvas.<\/li>\n<\/ul>\n\n\n\n<h3 class=\"wp-block-heading\"><strong>Tabla comparativa \u2013 Clima en Brasil en julio<\/strong><\/h3>\n\n\n\n<figure class=\"wp-block-table is-style-stripes\"><table class=\"has-fixed-layout\"><tbody><tr><td class=\"has-text-align-center\" data-align=\"center\"><strong>Regi\u00f3n<\/strong><\/td><td class=\"has-text-align-center\" data-align=\"center\"><strong>Temperatura media<\/strong><\/td><td class=\"has-text-align-center\" data-align=\"center\"><strong>Lluvias<\/strong><\/td><td class=\"has-text-align-center\" data-align=\"center\"><strong>Mejor para&#8230;<\/strong><\/td><\/tr><tr><td class=\"has-text-align-center\" data-align=\"center\">Sur<\/td><td class=\"has-text-align-center\" data-align=\"center\">8\u00b0C a 18\u00b0C<\/td><td class=\"has-text-align-center\" data-align=\"center\">Baja a moderada<\/td><td class=\"has-text-align-center\" data-align=\"center\">Serra Ga\u00facha, invierno, vinos<\/td><\/tr><tr><td class=\"has-text-align-center\" data-align=\"center\">Sudeste<\/td><td class=\"has-text-align-center\" data-align=\"center\">12\u00b0C a 22\u00b0C<\/td><td class=\"has-text-align-center\" data-align=\"center\">Baja<\/td><td class=\"has-text-align-center\" data-align=\"center\">Ciudades hist\u00f3ricas, monta\u00f1as<\/td><\/tr><tr><td class=\"has-text-align-center\" data-align=\"center\">Centro-Oeste<\/td><td class=\"has-text-align-center\" data-align=\"center\">15\u00b0C a 28\u00b0C<\/td><td class=\"has-text-align-center\" data-align=\"center\">Casi inexistente<\/td><td class=\"has-text-align-center\" data-align=\"center\">Chapada dos Veadeiros, Pantanal seco<\/td><\/tr><tr><td class=\"has-text-align-center\" data-align=\"center\">Noreste<\/td><td class=\"has-text-align-center\" data-align=\"center\">23\u00b0C a 30\u00b0C<\/td><td class=\"has-text-align-center\" data-align=\"center\">Baja<\/td><td class=\"has-text-align-center\" data-align=\"center\">Playas, fiestas juninas, buceo<\/td><\/tr><tr><td class=\"has-text-align-center\" data-align=\"center\">Norte<\/td><td class=\"has-text-align-center\" data-align=\"center\">22\u00b0C a 30\u00b0C<\/td><td class=\"has-text-align-center\" data-align=\"center\">Moderada<\/td><td class=\"has-text-align-center\" data-align=\"center\">Amazon\u00eda, r\u00edos, contacto con la selva<\/td><\/tr><\/tbody><\/table><\/figure>\n\n\n\n<blockquote class=\"wp-block-quote is-layout-flow wp-block-quote-is-layout-flow\">\n<p><strong><em>Consejo:<\/em><\/strong><em> en el Sur y Sudeste lleva abrigos, bufandas y ropa t\u00e9rmica. En el Noreste, prioriza ropa ligera, protector solar y sombrero.<\/em><\/p>\n<\/blockquote>\n\n\n\n<div class=\"wp-block-buttons is-content-justification-center is-layout-flex wp-container-core-buttons-is-layout-2 wp-block-buttons-is-layout-flex\">\n<div class=\"wp-block-button\"><a class=\"wp-block-button__link has-text-color has-background has-link-color wp-element-button\" href=\"https:\/\/brasilatm.com\/es\/\" style=\"color:#131564;background-color:#ffd202\" target=\"_blank\" rel=\"noreferrer noopener\"><strong>Descubre Brasil como nunca lo has visto<\/strong><\/a><\/div>\n<\/div>\n\n\n\n<h2 class=\"wp-block-heading\"><strong>\u00bfBrasil en julio es temporada alta?<\/strong><\/h2>\n\n\n\n<figure class=\"wp-block-image aligncenter size-full\"><img decoding=\"async\" width=\"800\" height=\"600\" src=\"https:\/\/brasilatm.com\/es\/wp-content\/uploads\/2024\/04\/brasil-em-julho-1.jpg\" alt=\"\" class=\"wp-image-8587\" srcset=\"https:\/\/brasilatm.com\/es\/wp-content\/uploads\/2024\/04\/brasil-em-julho-1.jpg 800w, https:\/\/brasilatm.com\/es\/wp-content\/uploads\/2024\/04\/brasil-em-julho-1-300x225.jpg 300w, https:\/\/brasilatm.com\/es\/wp-content\/uploads\/2024\/04\/brasil-em-julho-1-768x576.jpg 768w, https:\/\/brasilatm.com\/es\/wp-content\/uploads\/2024\/04\/brasil-em-julho-1-150x113.jpg 150w\" sizes=\"(max-width: 800px) 100vw, 800px\" \/><figcaption class=\"wp-element-caption\"><em>Julio es temporada alta en Brasil: destinos m\u00e1s llenos, precios m\u00e1s altos y necesidad de reservas anticipadas. Planea con tiempo y disfruta tu viaje sin imprevistos.<\/em><\/figcaption><\/figure>\n\n\n\n<p>S\u00ed. Julio es temporada alta debido a las vacaciones escolares. Esto significa:<\/p>\n\n\n\n<ul class=\"wp-block-list\">\n<li>Precios de pasajes a\u00e9reos y hospedaje m\u00e1s altos.<\/li>\n\n\n\n<li>Destinos tur\u00edsticos m\u00e1s concurridos, especialmente playas y parques nacionales.<\/li>\n\n\n\n<li>Necesidad de reservar hoteles, paseos e incluso restaurantes en ciudades peque\u00f1as con antelaci\u00f3n.<\/li>\n<\/ul>\n\n\n\n<h3 class=\"wp-block-heading\"><strong>\u00bfC\u00f3mo ahorrar en julio?<\/strong><\/h3>\n\n\n\n<ul class=\"wp-block-list\">\n<li>Reserva vuelos con al menos 3 meses de anticipaci\u00f3n.<\/li>\n\n\n\n<li>Considera viajar a principios o finales del mes, cuando la demanda es menor.<\/li>\n\n\n\n<li>Eval\u00faa destinos alternativos menos concurridos, como ciudades hist\u00f3ricas de Minas Gerais o playas menos famosas del Noreste.<\/li>\n<\/ul>\n\n\n\n<div class=\"wp-block-buttons is-content-justification-center is-layout-flex wp-container-core-buttons-is-layout-3 wp-block-buttons-is-layout-flex\">\n<div class=\"wp-block-button\"><a class=\"wp-block-button__link has-text-color has-background has-link-color wp-element-button\" href=\"https:\/\/brasilatm.com\/es\/\" style=\"color:#131564;background-color:#ffd202\" target=\"_blank\" rel=\"noreferrer noopener\"><strong>Descubre Brasil como nunca lo has visto<\/strong><\/a><\/div>\n<\/div>\n\n\n\n<h2 class=\"wp-block-heading\"><strong>\u00bfD\u00f3nde viajar en Brasil en julio?<\/strong><\/h2>\n\n\n\n<figure class=\"wp-block-image aligncenter size-large\"><img decoding=\"async\" width=\"683\" height=\"1024\" src=\"https:\/\/brasilatm.com\/es\/wp-content\/uploads\/2024\/04\/brasil-em-julho-2-683x1024.jpg\" alt=\"\" class=\"wp-image-8588\" srcset=\"https:\/\/brasilatm.com\/es\/wp-content\/uploads\/2024\/04\/brasil-em-julho-2-683x1024.jpg 683w, https:\/\/brasilatm.com\/es\/wp-content\/uploads\/2024\/04\/brasil-em-julho-2-200x300.jpg 200w, https:\/\/brasilatm.com\/es\/wp-content\/uploads\/2024\/04\/brasil-em-julho-2-768x1152.jpg 768w, https:\/\/brasilatm.com\/es\/wp-content\/uploads\/2024\/04\/brasil-em-julho-2-150x225.jpg 150w, https:\/\/brasilatm.com\/es\/wp-content\/uploads\/2024\/04\/brasil-em-julho-2.jpg 800w\" sizes=\"(max-width: 683px) 100vw, 683px\" \/><figcaption class=\"wp-element-caption\"><em>Desde playas soleadas en el Noreste hasta nieve en la Serra Catarinense, julio en Brasil ofrece opciones para todos los perfiles de viajeros. Elige tu destino y vive experiencias \u00fanicas.<\/em><\/figcaption><\/figure>\n\n\n\n<p>Seleccionamos los destinos m\u00e1s buscados y tambi\u00e9n opciones alternativas para quienes quieren escapar de lo obvio:<\/p>\n\n\n\n<h3 class=\"wp-block-heading\"><strong>1. Noreste soleado<\/strong><\/h3>\n\n\n\n<ul class=\"wp-block-list\">\n<li>Fortaleza y Jericoacoara (CE): playas concurridas y clima caluroso.<\/li>\n\n\n\n<li>Recife y Porto de Galinhas (PE): aguas c\u00e1lidas y paseos en jangada.<\/li>\n\n\n\n<li>Salvador (BA): cultura, m\u00fasica y fiestas juninas que se extienden hasta julio.<\/li>\n<\/ul>\n\n\n\n<h3 class=\"wp-block-heading\"><strong>2. Sur con clima de invierno<\/strong><\/h3>\n\n\n\n<ul class=\"wp-block-list\">\n<li>Gramado y Canela (RS): festival de invierno, fondue y chocolate caliente.<\/li>\n\n\n\n<li>Serra Catarinense: paisajes fr\u00edos, vi\u00f1edos y, en algunos a\u00f1os, hasta heladas y nieve.<\/li>\n<\/ul>\n\n\n\n<blockquote class=\"wp-block-quote is-layout-flow wp-block-quote-is-layout-flow\">\n<p><strong><em>Consejo:<\/em><\/strong><em> julio es cuando la probabilidad de nieve es mayor en la Serra Catarinense.<\/em><\/p>\n<\/blockquote>\n\n\n\n<h3 class=\"wp-block-heading\"><strong>3. Sudeste cultural y de monta\u00f1a<\/strong><\/h3>\n\n\n\n<ul class=\"wp-block-list\">\n<li>Campos do Jord\u00e3o (SP): festival de invierno y arquitectura europea.<\/li>\n\n\n\n<li>Ouro Preto y Tiradentes (MG): ciudades hist\u00f3ricas con clima templado.<\/li>\n\n\n\n<li>R\u00edo de Janeiro (RJ): temperaturas m\u00e1s bajas, playas menos llenas y turismo urbano m\u00e1s c\u00f3modo.<\/li>\n<\/ul>\n\n\n\n<h3 class=\"wp-block-heading\"><strong>4. Centro-Oeste de aventura<\/strong><\/h3>\n\n\n\n<ul class=\"wp-block-list\">\n<li>Pantanal: temporada seca, ideal para observar animales.<\/li>\n\n\n\n<li>Chapada dos Veadeiros (GO): senderos, cascadas y cielo estrellado.<\/li>\n<\/ul>\n\n\n\n<h3 class=\"wp-block-heading\"><strong>5. Norte y la Amazon\u00eda<\/strong><\/h3>\n\n\n\n<ul class=\"wp-block-list\">\n<li>Julio marca el inicio de la temporada menos lluviosa, ideal para paseos en barco, pesca y visitas a comunidades ribere\u00f1as.<\/li>\n<\/ul>\n\n\n\n<div class=\"wp-block-buttons is-content-justification-center is-layout-flex wp-container-core-buttons-is-layout-4 wp-block-buttons-is-layout-flex\">\n<div class=\"wp-block-button\"><a class=\"wp-block-button__link has-text-color has-background has-link-color wp-element-button\" href=\"https:\/\/brasilatm.com\/es\/\" style=\"color:#131564;background-color:#ffd202\" target=\"_blank\" rel=\"noreferrer noopener\"><strong>Descubre Brasil como nunca lo has visto<\/strong><\/a><\/div>\n<\/div>\n\n\n\n<h2 class=\"wp-block-heading\"><strong>Comparativo de destinos en julio<\/strong><\/h2>\n\n\n\n<figure class=\"wp-block-table is-style-stripes\"><table class=\"has-fixed-layout\"><tbody><tr><td class=\"has-text-align-center\" data-align=\"center\"><strong>Tipo de viaje<\/strong><\/td><td class=\"has-text-align-center\" data-align=\"center\"><strong>Mejor destino<\/strong><\/td><td class=\"has-text-align-center\" data-align=\"center\"><strong>\u00bfPor qu\u00e9?<\/strong><\/td><\/tr><tr><td class=\"has-text-align-center\" data-align=\"center\">Playa soleada<\/td><td class=\"has-text-align-center\" data-align=\"center\">Porto de Galinhas (PE)<\/td><td class=\"has-text-align-center\" data-align=\"center\">Clima c\u00e1lido, mar tranquilo y buena infraestructura<\/td><\/tr><tr><td class=\"has-text-align-center\" data-align=\"center\">Invierno rom\u00e1ntico<\/td><td class=\"has-text-align-center\" data-align=\"center\">Gramado (RS)<\/td><td class=\"has-text-align-center\" data-align=\"center\">Festival de invierno, fondue, arquitectura<\/td><\/tr><tr><td class=\"has-text-align-center\" data-align=\"center\">Naturaleza y senderos<\/td><td class=\"has-text-align-center\" data-align=\"center\">Chapada dos Veadeiros<\/td><td class=\"has-text-align-center\" data-align=\"center\">Cascadas accesibles en temporada seca<\/td><\/tr><tr><td class=\"has-text-align-center\" data-align=\"center\">Turismo cultural<\/td><td class=\"has-text-align-center\" data-align=\"center\">Ouro Preto (MG)<\/td><td class=\"has-text-align-center\" data-align=\"center\">Historia, museos y clima agradable<\/td><\/tr><tr><td class=\"has-text-align-center\" data-align=\"center\">Ecoturismo \u00fanico<\/td><td class=\"has-text-align-center\" data-align=\"center\">Pantanal (MS\/MT)<\/td><td class=\"has-text-align-center\" data-align=\"center\">Alta visibilidad de fauna<\/td><\/tr><\/tbody><\/table><\/figure>\n\n\n\n<h3 class=\"wp-block-heading\"><strong>Fiestas y eventos en julio en Brasil<\/strong><\/h3>\n\n\n\n<p>El mes de julio en Brasil no est\u00e1 marcado solo por el clima variado y las vacaciones escolares. Esta \u00e9poca tambi\u00e9n concentra <strong>fiestas tradicionales y eventos culturales<\/strong> que animan diferentes regiones del pa\u00eds, ofreciendo experiencias \u00fanicas para los viajeros.<\/p>\n\n\n\n<ul class=\"wp-block-list\">\n<li><strong>Festival de Invierno de Campos do Jord\u00e3o (SP):<\/strong> m\u00fasica cl\u00e1sica y popular.<\/li>\n\n\n\n<li><strong>Festival de Invierno de Garanhuns (PE):<\/strong> espect\u00e1culos gratuitos y cultura nordestina.<\/li>\n\n\n\n<li><strong>Fiestas juninas extendidas en el Noreste:<\/strong> forr\u00f3, cuadrillas y comidas t\u00edpicas.<\/li>\n\n\n\n<li><strong>Fenadoce (Pelotas\/RS):<\/strong> celebraci\u00f3n de la gastronom\u00eda repostera gaucha.<\/li>\n<\/ul>\n\n\n\n<h3 class=\"wp-block-heading\"><strong>Itinerarios sugeridos para julio<\/strong><\/h3>\n\n\n\n<figure class=\"wp-block-image aligncenter size-full\"><img loading=\"lazy\" decoding=\"async\" width=\"800\" height=\"450\" src=\"https:\/\/brasilatm.com\/es\/wp-content\/uploads\/2024\/04\/brasil-em-julho-3.jpg\" alt=\"\" class=\"wp-image-8589\" srcset=\"https:\/\/brasilatm.com\/es\/wp-content\/uploads\/2024\/04\/brasil-em-julho-3.jpg 800w, https:\/\/brasilatm.com\/es\/wp-content\/uploads\/2024\/04\/brasil-em-julho-3-300x169.jpg 300w, https:\/\/brasilatm.com\/es\/wp-content\/uploads\/2024\/04\/brasil-em-julho-3-768x432.jpg 768w, https:\/\/brasilatm.com\/es\/wp-content\/uploads\/2024\/04\/brasil-em-julho-3-150x84.jpg 150w\" sizes=\"(max-width: 800px) 100vw, 800px\" \/><figcaption class=\"wp-element-caption\"><em>Julio en Brasil combina itinerarios soleados en el Noreste y viajes de invierno en el Sur. Planea con antelaci\u00f3n y disfruta experiencias \u00fanicas en cada regi\u00f3n del pa\u00eds.<\/em><\/figcaption><\/figure>\n\n\n\n<p>Planear un viaje en julio exige atenci\u00f3n al perfil del destino y al tiempo disponible. Para facilitar, seleccionamos <strong>itinerarios pr\u00e1cticos y bien estructurados<\/strong> que ayudan a aprovechar lo mejor de cada regi\u00f3n en este per\u00edodo.<\/p>\n\n\n\n<h3 class=\"wp-block-heading\"><strong>Itinerario de 7 d\u00edas en el Noreste<\/strong><\/h3>\n\n\n\n<ol class=\"wp-block-list\">\n<li>Llegada a Recife.<\/li>\n\n\n\n<li>Paseo por Olinda.<\/li>\n\n\n\n<li>Playa de Porto de Galinhas.<\/li>\n\n\n\n<li>Maragogi (AL).<\/li>\n\n\n\n<li>D\u00eda libre en Recife.<\/li>\n\n\n\n<li>Playa dos Carneiros (PE).<\/li>\n\n\n\n<li>Regreso.<\/li>\n<\/ol>\n\n\n\n<h3 class=\"wp-block-heading\"><strong>Itinerario de 5 d\u00edas en el Sur<\/strong><\/h3>\n\n\n\n<ol class=\"wp-block-list\">\n<li>Llegada a Porto Alegre.<\/li>\n\n\n\n<li>Gramado y Canela.<\/li>\n\n\n\n<li>Parque do Caracol y Mini Mundo.<\/li>\n\n\n\n<li>Vi\u00f1edos de Bento Gon\u00e7alves.<\/li>\n\n\n\n<li>Regreso.<\/li>\n<\/ol>\n\n\n\n<div class=\"wp-block-buttons is-content-justification-center is-layout-flex wp-container-core-buttons-is-layout-5 wp-block-buttons-is-layout-flex\">\n<div class=\"wp-block-button\"><a class=\"wp-block-button__link has-text-color has-background has-link-color wp-element-button\" href=\"https:\/\/brasilatm.com\/es\/\" style=\"color:#131564;background-color:#ffd202\" target=\"_blank\" rel=\"noreferrer noopener\"><strong>Descubre Brasil como nunca lo has visto<\/strong><\/a><\/div>\n<\/div>\n\n\n\n<h2 class=\"wp-block-heading\"><strong>Ventajas y desventajas de viajar en julio<\/strong><\/h2>\n\n\n\n<p>Viajar por Brasil en julio trae ventajas importantes, pero tambi\u00e9n algunos desaf\u00edos que deben considerarse. Evaluar ambos lados ayuda a tomar decisiones m\u00e1s acertadas y evitar imprevistos durante el viaje.<\/p>\n\n\n\n<h3 class=\"wp-block-heading\"><strong>Ventajas<\/strong><\/h3>\n\n\n\n<ul class=\"wp-block-list\">\n<li>Vacaciones escolares, ideal para viajes en familia.<\/li>\n\n\n\n<li>Clima agradable en todo el pa\u00eds.<\/li>\n\n\n\n<li>Diversidad de eventos y fiestas culturales.<\/li>\n<\/ul>\n\n\n\n<h3 class=\"wp-block-heading\"><strong>Desventajas<\/strong><\/h3>\n\n\n\n<ul class=\"wp-block-list\">\n<li>Precios m\u00e1s altos.<\/li>\n\n\n\n<li>Destinos llenos.<\/li>\n\n\n\n<li>Necesidad de planear con anticipaci\u00f3n.<\/li>\n<\/ul>\n\n\n\n<div class=\"wp-block-buttons is-content-justification-center is-layout-flex wp-container-core-buttons-is-layout-6 wp-block-buttons-is-layout-flex\">\n<div class=\"wp-block-button\"><a class=\"wp-block-button__link has-text-color has-background has-link-color wp-element-button\" href=\"https:\/\/brasilatm.com\/es\/\" style=\"color:#131564;background-color:#ffd202\" target=\"_blank\" rel=\"noreferrer noopener\"><strong>Descubre Brasil como nunca lo has visto<\/strong><\/a><\/div>\n<\/div>\n\n\n\n<h2 class=\"wp-block-heading\"><strong>Conclusi\u00f3n \u2013 \u00bfVale la pena viajar por Brasil en julio?<\/strong><\/h2>\n\n\n\n<figure class=\"wp-block-image aligncenter size-full\"><img loading=\"lazy\" decoding=\"async\" width=\"533\" height=\"800\" src=\"https:\/\/brasilatm.com\/es\/wp-content\/uploads\/2024\/04\/brasil-em-julho-4.jpg\" alt=\"\" class=\"wp-image-8590\" srcset=\"https:\/\/brasilatm.com\/es\/wp-content\/uploads\/2024\/04\/brasil-em-julho-4.jpg 533w, https:\/\/brasilatm.com\/es\/wp-content\/uploads\/2024\/04\/brasil-em-julho-4-200x300.jpg 200w, https:\/\/brasilatm.com\/es\/wp-content\/uploads\/2024\/04\/brasil-em-julho-4-150x225.jpg 150w\" sizes=\"(max-width: 533px) 100vw, 533px\" \/><figcaption class=\"wp-element-caption\"><em>Del fr\u00edo rom\u00e1ntico del Sur al sol vibrante del Noreste, julio en Brasil es ideal para todos los estilos de viaje. Planea con antelaci\u00f3n y vive experiencias inolvidables.<\/em><\/figcaption><\/figure>\n\n\n\n<p>Definitivamente, s\u00ed. <strong>Brasil en julio<\/strong> ofrece experiencias para todos los estilos: playas soleadas en el Noreste, clima europeo en el Sur, fiestas culturales en todo el pa\u00eds y oportunidades \u00fanicas de ecoturismo en el Pantanal y la Amazon\u00eda.<\/p>\n\n\n\n<p>Ya sea para disfrutar el fr\u00edo con vino y fondue, bucear en aguas c\u00e1lidas o explorar senderos y r\u00edos, julio es un mes completo para planear tu viaje.<\/p>\n\n\n\n<blockquote class=\"wp-block-quote is-layout-flow wp-block-quote-is-layout-flow\">\n<p><em>\u00a1Planea tu pr\u00f3ximo viaje por Brasil en julio ahora mismo! Reserva pasajes, elige tu hospedaje y organiza tu itinerario para vivir experiencias inolvidables.<\/em><\/p>\n<\/blockquote>\n\n\n\n<h2 class=\"wp-block-heading\"><strong>\u00bfD\u00f3nde retirar dinero en cajeros ATM24h en Brasil?<\/strong><\/h2>\n\n\n\n<p>Para aprovechar al m\u00e1ximo tu viaje por Brasil, lleva dinero en efectivo. Esto garantiza una experiencia tranquila y sin problemas. En algunos lugares, es esencial para alimentarse, moverse, pagar entradas de atracciones, etc.<\/p>\n\n\n\n<p>Consulta en la tabla de abajo algunos cajeros ATM24h en las regiones mencionadas en este art\u00edculo:<\/p>\n\n\n\n<figure class=\"wp-block-table is-style-stripes\"><table class=\"has-fixed-layout\"><tbody><tr><td class=\"has-text-align-center\" data-align=\"center\"><strong>D\u00f3nde<\/strong><\/td><td class=\"has-text-align-center\" data-align=\"center\"><strong>Ubicaci\u00f3n<\/strong><\/td><\/tr><tr><td class=\"has-text-align-center\" data-align=\"center\">Aeropuerto de Guarulhos \u2013 S\u00e3o Paulo<\/td><td class=\"has-text-align-center\" data-align=\"center\"><a class=\"external-link\" target=\"_blank\" rel=\"noopener\" href=\"https:\/\/atm24h.com.br\/es\/puntos-instalados\/\" target=\"_blank\" rel=\"noreferrer noopener\">Consulta todos los puntos aqu\u00ed<\/a><\/td><\/tr><tr><td class=\"has-text-align-center\" data-align=\"center\">Aeropuerto de Congonhas \u2013 S\u00e3o Paulo<\/td><td class=\"has-text-align-center\" data-align=\"center\"><a class=\"external-link\" target=\"_blank\" rel=\"noopener\" href=\"https:\/\/atm24h.com.br\/es\/puntos-instalados\/\" target=\"_blank\" rel=\"noreferrer noopener\">Consulta todos los puntos aqu\u00ed<\/a><\/td><\/tr><tr><td class=\"has-text-align-center\" data-align=\"center\">Aeropuerto de Curitiba<\/td><td class=\"has-text-align-center\" data-align=\"center\"><a class=\"external-link\" target=\"_blank\" rel=\"noopener\" href=\"https:\/\/atm24h.com.br\/es\/puntos-instalados\/\" target=\"_blank\" rel=\"noreferrer noopener\">Consulta todos los puntos aqu\u00ed<\/a><\/td><\/tr><tr><td class=\"has-text-align-center\" data-align=\"center\">Aeropuerto de Bras\u00edlia<\/td><td class=\"has-text-align-center\" data-align=\"center\"><a class=\"external-link\" target=\"_blank\" rel=\"noopener\" href=\"https:\/\/atm24h.com.br\/es\/puntos-instalados\/\" target=\"_blank\" rel=\"noreferrer noopener\">Consulta todos los puntos aqu\u00ed<\/a><\/td><\/tr><tr><td class=\"has-text-align-center\" data-align=\"center\">Aeropuerto de Florian\u00f3polis<\/td><td class=\"has-text-align-center\" data-align=\"center\"><a class=\"external-link\" target=\"_blank\" rel=\"noopener\" href=\"https:\/\/atm24h.com.br\/es\/puntos-instalados\/\" target=\"_blank\" rel=\"noreferrer noopener\">Consulta todos los puntos aqu\u00ed<\/a><\/td><\/tr><\/tbody><\/table><\/figure>\n\n\n\n<div class=\"wp-block-buttons is-content-justification-center is-layout-flex wp-container-core-buttons-is-layout-7 wp-block-buttons-is-layout-flex\">\n<div class=\"wp-block-button\"><a class=\"wp-block-button__link has-text-color has-background has-link-color wp-element-button\" href=\"https:\/\/brasilatm.com\/es\/\" style=\"color:#131564;background-color:#ffd202\" target=\"_blank\" rel=\"noreferrer noopener\"><strong>Descubre Brasil como nunca lo has visto<\/strong><\/a><\/div>\n<\/div>\n\n\n\n<h2 class=\"wp-block-heading\"><strong>Conoce Brasil ATM<\/strong><\/h2>\n\n\n\n<p>En Brasil ATM vemos Brasil como un lugar lleno de bellezas \u00fanicas y una cultura fascinante. Nuestro portal, apoyado por la marca global ATM24h, refleja nuestro amor por Brasil. Queremos inspirar a los turistas a explorar sus maravillas de forma segura e informada.<\/p>\n\n\n\n<p>Proporcionamos informaci\u00f3n precisa, actualizada e inspiradora en tres idiomas. As\u00ed, tienes todo para planear tu viaje con confianza. Ofrecemos gu\u00edas de viaje, itinerarios detallados y consejos de planificaci\u00f3n.<\/p>\n\n\n\n<p>Queremos crear recuerdos que duren. Mostraremos las bellezas naturales y culturales de Brasil. Explora destinos famosos como R\u00edo de Janeiro y S\u00e3o Paulo. Tambi\u00e9n descubre tesoros escondidos como Len\u00e7\u00f3is Maranhenses y Fernando de Noronha. Estamos aqu\u00ed para ayudarte a aprovechar al m\u00e1ximo tu viaje.<\/p>\n\n\n\n<figure class=\"wp-block-image aligncenter size-full\"><img loading=\"lazy\" decoding=\"async\" width=\"1024\" height=\"666\" src=\"https:\/\/brasilatm.com\/es\/wp-content\/uploads\/2025\/02\/brasil-atm.webp\" alt=\"\" class=\"wp-image-7744\" srcset=\"https:\/\/brasilatm.com\/es\/wp-content\/uploads\/2025\/02\/brasil-atm.webp 1024w, https:\/\/brasilatm.com\/es\/wp-content\/uploads\/2025\/02\/brasil-atm-300x195.webp 300w, https:\/\/brasilatm.com\/es\/wp-content\/uploads\/2025\/02\/brasil-atm-768x500.webp 768w, https:\/\/brasilatm.com\/es\/wp-content\/uploads\/2025\/02\/brasil-atm-150x98.webp 150w\" sizes=\"(max-width: 1024px) 100vw, 1024px\" \/><figcaption class=\"wp-element-caption\"><em>Explora Brasil con confianza y seguridad. Encuentra gu\u00edas, consejos y lugares incre\u00edbles para tu viaje, desde R\u00edo hasta rincones escondidos. \u00a1Insp\u00edrate y viaja tranquilo!<\/em><\/figcaption><\/figure>\n\n\n\n<h2 class=\"wp-block-heading\"><strong>\u00bfTe gust\u00f3 este art\u00edculo? Lee m\u00e1s sobre Brasil:<\/strong><\/h2>\n\n\n\n<ul class=\"wp-block-list\">\n<li><a href=\"https:\/\/brasilatm.com\/es\/brasil-en-junio\/\" target=\"_blank\" rel=\"noreferrer noopener\">Brasil en junio \u2013 \u00bfC\u00f3mo es? \u00bfQu\u00e9 hacer y ad\u00f3nde ir?<\/a><\/li>\n\n\n\n<li><a href=\"https:\/\/brasilatm.com\/es\/brasil-en-mayo\" target=\"_blank\" rel=\"noreferrer noopener\">Brasil en mayo: clima, destinos y consejos para tu viaje<\/a><\/li>\n\n\n\n<li><a href=\"https:\/\/brasilatm.com\/es\/brasil-en-abril\" target=\"_blank\" rel=\"noreferrer noopener\">Brasil en abril \u2013 Qu\u00e9 hacer, ad\u00f3nde ir y c\u00f3mo es el clima<\/a><\/li>\n\n\n\n<li><a href=\"https:\/\/brasilatm.com\/es\/brazil-en-marzo\" target=\"_blank\" rel=\"noreferrer noopener\">Brasil en marzo \u2013 Qu\u00e9 hacer, ad\u00f3nde ir y c\u00f3mo es el clima<\/a><\/li>\n<\/ul>\n\n\n\n<h2 class=\"wp-block-heading\"><strong>Preguntas frecuentes<\/strong><\/h2>\n\n\n\n<div class=\"schema-faq wp-block-yoast-faq-block\"><div class=\"schema-faq-section\" id=\"faq-question-1758891151645\"><strong class=\"schema-faq-question\"><strong>\u00bfC\u00f3mo es el clima en Brasil en julio?<\/strong><\/strong> <p class=\"schema-faq-answer\">El clima var\u00eda por regi\u00f3n: fr\u00edo en el Sur y Sudeste, seco en el Centro-Oeste, c\u00e1lido y soleado en el Noreste, y con lluvias m\u00e1s suaves en el Norte. <a href=\"https:\/\/brasilatm.com\/es\/brasil-en-julio\">Consulta los detalles regionales en Brasil ATM y planea tu viaje con seguridad.<\/a><\/p> <\/div> <div class=\"schema-faq-section\" id=\"faq-question-1758891157326\"><strong class=\"schema-faq-question\"><strong>\u00bfJulio es temporada alta en Brasil?<\/strong><\/strong> <p class=\"schema-faq-answer\">S\u00ed. El mes coincide con las vacaciones escolares, lo que eleva los precios de pasajes y hospedajes, adem\u00e1s de llenar los destinos m\u00e1s populares. <a href=\"https:\/\/brasilatm.com\/es\/brasil-en-julio\">Brasil ATM trae consejos para ahorrar y reservar con anticipaci\u00f3n.<\/a><\/p> <\/div> <div class=\"schema-faq-section\" id=\"faq-question-1758891162615\"><strong class=\"schema-faq-question\"><strong>\u00bfD\u00f3nde viajar en Brasil en julio?<\/strong><\/strong> <p class=\"schema-faq-answer\">Noreste para sol y playa, Sur para fr\u00edo y gastronom\u00eda, Sudeste para cultura, Centro-Oeste para ecoturismo y Norte para la Amazon\u00eda. <a href=\"https:\/\/brasilatm.com\/es\/brasil-en-julio\">Descubre los mejores itinerarios regionales en Brasil ATM.<\/a><\/p> <\/div> <div class=\"schema-faq-section\" id=\"faq-question-1758891168530\"><strong class=\"schema-faq-question\"><strong>\u00bfJulio es buen mes para viajar al Noreste?<\/strong><\/strong> <p class=\"schema-faq-answer\">S\u00ed. El clima es c\u00e1lido, seco y perfecto para playas como Porto de Galinhas, Maragogi y Salvador. <a href=\"https:\/\/brasilatm.com\/es\/brasil-en-julio\">Explora nuestras sugerencias en Brasil ATM y elige tu destino de sol.<\/a><\/p> <\/div> <div class=\"schema-faq-section\" id=\"faq-question-1758891174223\"><strong class=\"schema-faq-question\"><strong>\u00bfBrasil en julio es recomendable para familias?<\/strong><\/strong> <p class=\"schema-faq-answer\">S\u00ed. Las vacaciones escolares favorecen los viajes en grupo, con opciones que agradan tanto a ni\u00f1os como adultos. <a href=\"https:\/\/brasilatm.com\/es\/brasil-en-julio\">Insp\u00edrate en los itinerarios familiares sugeridos por Brasil ATM.<\/a><\/p> <\/div> <\/div>\n","protected":false},"excerpt":{"rendered":"<p>Viajar por Brasil en julio es vivir un mes marcado por contrastes y experiencias. Mientras algunas regiones enfrentan temperaturas bajas [&hellip;]<\/p>\n","protected":false},"author":5,"featured_media":8585,"comment_status":"open","ping_status":"open","sticky":false,"template":"","format":"standard","meta":{"_acf_changed":false,"inline_featured_image":false,"site-sidebar-layout":"default","site-content-layout":"","ast-site-content-layout":"","site-content-style":"default","site-sidebar-style":"default","ast-global-header-display":"","ast-banner-title-visibility":"","ast-main-header-display":"","ast-hfb-above-header-display":"","ast-hfb-below-header-display":"","ast-hfb-mobile-header-display":"","site-post-title":"","ast-breadcrumbs-content":"","ast-featured-img":"","footer-sml-layout":"","theme-transparent-header-meta":"","adv-header-id-meta":"","stick-header-meta":"","header-above-stick-meta":"","header-main-stick-meta":"","header-below-stick-meta":"","astra-migrate-meta-layouts":"default","ast-page-background-enabled":"default","ast-page-background-meta":{"desktop":{"background-color":"var(--ast-global-color-4)","background-image":"","background-repeat":"repeat","background-position":"center center","background-size":"auto","background-attachment":"scroll","background-type":"","background-media":"","overlay-type":"","overlay-color":"","overlay-opacity":"","overlay-gradient":""},"tablet":{"background-color":"","background-image":"","background-repeat":"repeat","background-position":"center center","background-size":"auto","background-attachment":"scroll","background-type":"","background-media":"","overlay-type":"","overlay-color":"","overlay-opacity":"","overlay-gradient":""},"mobile":{"background-color":"","background-image":"","background-repeat":"repeat","background-position":"center center","background-size":"auto","background-attachment":"scroll","background-type":"","background-media":"","overlay-type":"","overlay-color":"","overlay-opacity":"","overlay-gradient":""}},"ast-content-background-meta":{"desktop":{"background-color":"var(--ast-global-color-5)","background-image":"","background-repeat":"repeat","background-position":"center center","background-size":"auto","background-attachment":"scroll","background-type":"","background-media":"","overlay-type":"","overlay-color":"","overlay-opacity":"","overlay-gradient":""},"tablet":{"background-color":"var(--ast-global-color-5)","background-image":"","background-repeat":"repeat","background-position":"center center","background-size":"auto","background-attachment":"scroll","background-type":"","background-media":"","overlay-type":"","overlay-color":"","overlay-opacity":"","overlay-gradient":""},"mobile":{"background-color":"var(--ast-global-color-5)","background-image":"","background-repeat":"repeat","background-position":"center center","background-size":"auto","background-attachment":"scroll","background-type":"","background-media":"","overlay-type":"","overlay-color":"","overlay-opacity":"","overlay-gradient":""}},"footnotes":""},"categories":[53],"tags":[79,76,78,81],"class_list":["post-6027","post","type-post","status-publish","format-standard","has-post-thumbnail","hentry","category-mejores-epocas-brasil","tag-experiencias-culturales-en-brasil","tag-turismo-de-aventura","tag-experiencias-de-naturaleza-en-brasil","tag-experiencias-urbanas-brasil"],"acf":[],"yoast_head":"<!-- This site is optimized with the Yoast SEO plugin v24.5 - https:\/\/yoast.com\/wordpress\/plugins\/seo\/ -->\n<title>Brasil en julio \u2013 Qu\u00e9 hacer, d\u00f3nde ir y c\u00f3mo es el clima<\/title>\n<meta name=\"description\" content=\"C\u00f3mo es Brasil en julio: clima por regiones, destinos imperdibles, fiestas, vacaciones escolares, consejos e itinerarios para tu viaje.\" \/>\n<meta name=\"robots\" content=\"index, follow, max-snippet:-1, max-image-preview:large, max-video-preview:-1\" \/>\n<link rel=\"canonical\" href=\"https:\/\/brasilatm.com\/es\/brasil-en-julio\/\" \/>\n<meta property=\"og:locale\" content=\"es_ES\" \/>\n<meta property=\"og:type\" content=\"article\" \/>\n<meta property=\"og:title\" content=\"Brasil en julio \u2013 Qu\u00e9 hacer, d\u00f3nde ir y c\u00f3mo es el clima\" \/>\n<meta property=\"og:description\" content=\"C\u00f3mo es Brasil en julio: clima por regiones, destinos imperdibles, fiestas, vacaciones escolares, consejos e itinerarios para tu viaje.\" \/>\n<meta property=\"og:url\" content=\"https:\/\/brasilatm.com\/es\/brasil-en-julio\/\" \/>\n<meta property=\"og:site_name\" content=\"BrasilATM\" \/>\n<meta property=\"article:published_time\" content=\"2025-09-26T12:55:56+00:00\" \/>\n<meta property=\"article:modified_time\" content=\"2025-09-29T18:07:30+00:00\" \/>\n<meta property=\"og:image\" content=\"https:\/\/brasilatm.com\/es\/wp-content\/uploads\/2024\/04\/brasil-em-julho.jpg\" \/>\n\t<meta property=\"og:image:width\" content=\"800\" \/>\n\t<meta property=\"og:image:height\" content=\"450\" \/>\n\t<meta property=\"og:image:type\" content=\"image\/jpeg\" \/>\n<meta name=\"author\" content=\"Fernanda\" \/>\n<meta name=\"twitter:card\" content=\"summary_large_image\" \/>\n<meta name=\"twitter:label1\" content=\"Escrito por\" \/>\n\t<meta name=\"twitter:data1\" content=\"Fernanda\" \/>\n\t<meta name=\"twitter:label2\" content=\"Tiempo de lectura\" \/>\n\t<meta name=\"twitter:data2\" content=\"9 minutos\" \/>\n<script type=\"application\/ld+json\" class=\"yoast-schema-graph\">{\"@context\":\"https:\/\/schema.org\",\"@graph\":[{\"@type\":[\"WebPage\",\"FAQPage\"],\"@id\":\"https:\/\/brasilatm.com\/es\/brasil-en-julio\/\",\"url\":\"https:\/\/brasilatm.com\/es\/brasil-en-julio\/\",\"name\":\"Brasil en julio \u2013 Qu\u00e9 hacer, d\u00f3nde ir y c\u00f3mo es el clima\",\"isPartOf\":{\"@id\":\"https:\/\/brasilatm.com\/es\/#website\"},\"primaryImageOfPage\":{\"@id\":\"https:\/\/brasilatm.com\/es\/brasil-en-julio\/#primaryimage\"},\"image\":{\"@id\":\"https:\/\/brasilatm.com\/es\/brasil-en-julio\/#primaryimage\"},\"thumbnailUrl\":\"https:\/\/brasilatm.com\/es\/wp-content\/uploads\/2024\/04\/brasil-em-julho.jpg\",\"datePublished\":\"2025-09-26T12:55:56+00:00\",\"dateModified\":\"2025-09-29T18:07:30+00:00\",\"author\":{\"@id\":\"https:\/\/brasilatm.com\/es\/#\/schema\/person\/b6df72734d8cbb44803fd3bbc9c5a233\"},\"description\":\"C\u00f3mo es Brasil en julio: clima por regiones, destinos imperdibles, fiestas, vacaciones escolares, consejos e itinerarios para tu viaje.\",\"breadcrumb\":{\"@id\":\"https:\/\/brasilatm.com\/es\/brasil-en-julio\/#breadcrumb\"},\"mainEntity\":[{\"@id\":\"https:\/\/brasilatm.com\/es\/brasil-en-julio\/#faq-question-1758891151645\"},{\"@id\":\"https:\/\/brasilatm.com\/es\/brasil-en-julio\/#faq-question-1758891157326\"},{\"@id\":\"https:\/\/brasilatm.com\/es\/brasil-en-julio\/#faq-question-1758891162615\"},{\"@id\":\"https:\/\/brasilatm.com\/es\/brasil-en-julio\/#faq-question-1758891168530\"},{\"@id\":\"https:\/\/brasilatm.com\/es\/brasil-en-julio\/#faq-question-1758891174223\"}],\"inLanguage\":\"es\",\"potentialAction\":[{\"@type\":\"ReadAction\",\"target\":[\"https:\/\/brasilatm.com\/es\/brasil-en-julio\/\"]}]},{\"@type\":\"ImageObject\",\"inLanguage\":\"es\",\"@id\":\"https:\/\/brasilatm.com\/es\/brasil-en-julio\/#primaryimage\",\"url\":\"https:\/\/brasilatm.com\/es\/wp-content\/uploads\/2024\/04\/brasil-em-julho.jpg\",\"contentUrl\":\"https:\/\/brasilatm.com\/es\/wp-content\/uploads\/2024\/04\/brasil-em-julho.jpg\",\"width\":800,\"height\":450},{\"@type\":\"BreadcrumbList\",\"@id\":\"https:\/\/brasilatm.com\/es\/brasil-en-julio\/#breadcrumb\",\"itemListElement\":[{\"@type\":\"ListItem\",\"position\":1,\"name\":\"Portada\",\"item\":\"https:\/\/brasilatm.com\/es\/\"},{\"@type\":\"ListItem\",\"position\":2,\"name\":\"Brasil en julio \u2013 Qu\u00e9 hacer, d\u00f3nde ir y c\u00f3mo es el clima\"}]},{\"@type\":\"WebSite\",\"@id\":\"https:\/\/brasilatm.com\/es\/#website\",\"url\":\"https:\/\/brasilatm.com\/es\/\",\"name\":\"BrasilATM\",\"description\":\"Sitio en Espa\u00f1ol\",\"potentialAction\":[{\"@type\":\"SearchAction\",\"target\":{\"@type\":\"EntryPoint\",\"urlTemplate\":\"https:\/\/brasilatm.com\/es\/?s={search_term_string}\"},\"query-input\":{\"@type\":\"PropertyValueSpecification\",\"valueRequired\":true,\"valueName\":\"search_term_string\"}}],\"inLanguage\":\"es\"},{\"@type\":\"Person\",\"@id\":\"https:\/\/brasilatm.com\/es\/#\/schema\/person\/b6df72734d8cbb44803fd3bbc9c5a233\",\"name\":\"Fernanda\",\"image\":{\"@type\":\"ImageObject\",\"inLanguage\":\"es\",\"@id\":\"https:\/\/brasilatm.com\/es\/#\/schema\/person\/image\/\",\"url\":\"https:\/\/secure.gravatar.com\/avatar\/74f10febe4439cf3e7c604b1c5708fc4?s=96&d=mm&r=g\",\"contentUrl\":\"https:\/\/secure.gravatar.com\/avatar\/74f10febe4439cf3e7c604b1c5708fc4?s=96&d=mm&r=g\",\"caption\":\"Fernanda\"},\"url\":\"https:\/\/brasilatm.com\/es\/author\/editor\/\"},{\"@type\":\"Question\",\"@id\":\"https:\/\/brasilatm.com\/es\/brasil-en-julio\/#faq-question-1758891151645\",\"position\":1,\"url\":\"https:\/\/brasilatm.com\/es\/brasil-en-julio\/#faq-question-1758891151645\",\"name\":\"\u00bfC\u00f3mo es el clima en Brasil en julio?\",\"answerCount\":1,\"acceptedAnswer\":{\"@type\":\"Answer\",\"text\":\"El clima var\u00eda por regi\u00f3n: fr\u00edo en el Sur y Sudeste, seco en el Centro-Oeste, c\u00e1lido y soleado en el Noreste, y con lluvias m\u00e1s suaves en el Norte. <a href=\\\"https:\/\/brasilatm.com\/es\/brasil-en-julio\\\">Consulta los detalles regionales en Brasil ATM y planea tu viaje con seguridad.<\/a>\",\"inLanguage\":\"es\"},\"inLanguage\":\"es\"},{\"@type\":\"Question\",\"@id\":\"https:\/\/brasilatm.com\/es\/brasil-en-julio\/#faq-question-1758891157326\",\"position\":2,\"url\":\"https:\/\/brasilatm.com\/es\/brasil-en-julio\/#faq-question-1758891157326\",\"name\":\"\u00bfJulio es temporada alta en Brasil?\",\"answerCount\":1,\"acceptedAnswer\":{\"@type\":\"Answer\",\"text\":\"S\u00ed. El mes coincide con las vacaciones escolares, lo que eleva los precios de pasajes y hospedajes, adem\u00e1s de llenar los destinos m\u00e1s populares. <a href=\\\"https:\/\/brasilatm.com\/es\/brasil-en-julio\\\">Brasil ATM trae consejos para ahorrar y reservar con anticipaci\u00f3n.<\/a>\",\"inLanguage\":\"es\"},\"inLanguage\":\"es\"},{\"@type\":\"Question\",\"@id\":\"https:\/\/brasilatm.com\/es\/brasil-en-julio\/#faq-question-1758891162615\",\"position\":3,\"url\":\"https:\/\/brasilatm.com\/es\/brasil-en-julio\/#faq-question-1758891162615\",\"name\":\"\u00bfD\u00f3nde viajar en Brasil en julio?\",\"answerCount\":1,\"acceptedAnswer\":{\"@type\":\"Answer\",\"text\":\"Noreste para sol y playa, Sur para fr\u00edo y gastronom\u00eda, Sudeste para cultura, Centro-Oeste para ecoturismo y Norte para la Amazon\u00eda. <a href=\\\"https:\/\/brasilatm.com\/es\/brasil-en-julio\\\">Descubre los mejores itinerarios regionales en Brasil ATM.<\/a>\",\"inLanguage\":\"es\"},\"inLanguage\":\"es\"},{\"@type\":\"Question\",\"@id\":\"https:\/\/brasilatm.com\/es\/brasil-en-julio\/#faq-question-1758891168530\",\"position\":4,\"url\":\"https:\/\/brasilatm.com\/es\/brasil-en-julio\/#faq-question-1758891168530\",\"name\":\"\u00bfJulio es buen mes para viajar al Noreste?\",\"answerCount\":1,\"acceptedAnswer\":{\"@type\":\"Answer\",\"text\":\"S\u00ed. El clima es c\u00e1lido, seco y perfecto para playas como Porto de Galinhas, Maragogi y Salvador. <a href=\\\"https:\/\/brasilatm.com\/es\/brasil-en-julio\\\">Explora nuestras sugerencias en Brasil ATM y elige tu destino de sol.<\/a>\",\"inLanguage\":\"es\"},\"inLanguage\":\"es\"},{\"@type\":\"Question\",\"@id\":\"https:\/\/brasilatm.com\/es\/brasil-en-julio\/#faq-question-1758891174223\",\"position\":5,\"url\":\"https:\/\/brasilatm.com\/es\/brasil-en-julio\/#faq-question-1758891174223\",\"name\":\"\u00bfBrasil en julio es recomendable para familias?\",\"answerCount\":1,\"acceptedAnswer\":{\"@type\":\"Answer\",\"text\":\"S\u00ed. Las vacaciones escolares favorecen los viajes en grupo, con opciones que agradan tanto a ni\u00f1os como adultos. <a href=\\\"https:\/\/brasilatm.com\/es\/brasil-en-julio\\\">Insp\u00edrate en los itinerarios familiares sugeridos por Brasil ATM.<\/a>\",\"inLanguage\":\"es\"},\"inLanguage\":\"es\"}]}<\/script>\n<!-- \/ Yoast SEO plugin. -->","yoast_head_json":{"title":"Brasil en julio \u2013 Qu\u00e9 hacer, d\u00f3nde ir y c\u00f3mo es el clima","description":"C\u00f3mo es Brasil en julio: clima por regiones, destinos imperdibles, fiestas, vacaciones escolares, consejos e itinerarios para tu viaje.","robots":{"index":"index","follow":"follow","max-snippet":"max-snippet:-1","max-image-preview":"max-image-preview:large","max-video-preview":"max-video-preview:-1"},"canonical":"https:\/\/brasilatm.com\/es\/brasil-en-julio\/","og_locale":"es_ES","og_type":"article","og_title":"Brasil en julio \u2013 Qu\u00e9 hacer, d\u00f3nde ir y c\u00f3mo es el clima","og_description":"C\u00f3mo es Brasil en julio: clima por regiones, destinos imperdibles, fiestas, vacaciones escolares, consejos e itinerarios para tu viaje.","og_url":"https:\/\/brasilatm.com\/es\/brasil-en-julio\/","og_site_name":"BrasilATM","article_published_time":"2025-09-26T12:55:56+00:00","article_modified_time":"2025-09-29T18:07:30+00:00","og_image":[{"width":800,"height":450,"url":"https:\/\/brasilatm.com\/es\/wp-content\/uploads\/2024\/04\/brasil-em-julho.jpg","type":"image\/jpeg"}],"author":"Fernanda","twitter_card":"summary_large_image","twitter_misc":{"Escrito por":"Fernanda","Tiempo de lectura":"9 minutos"},"schema":{"@context":"https:\/\/schema.org","@graph":[{"@type":["WebPage","FAQPage"],"@id":"https:\/\/brasilatm.com\/es\/brasil-en-julio\/","url":"https:\/\/brasilatm.com\/es\/brasil-en-julio\/","name":"Brasil en julio \u2013 Qu\u00e9 hacer, d\u00f3nde ir y c\u00f3mo es el clima","isPartOf":{"@id":"https:\/\/brasilatm.com\/es\/#website"},"primaryImageOfPage":{"@id":"https:\/\/brasilatm.com\/es\/brasil-en-julio\/#primaryimage"},"image":{"@id":"https:\/\/brasilatm.com\/es\/brasil-en-julio\/#primaryimage"},"thumbnailUrl":"https:\/\/brasilatm.com\/es\/wp-content\/uploads\/2024\/04\/brasil-em-julho.jpg","datePublished":"2025-09-26T12:55:56+00:00","dateModified":"2025-09-29T18:07:30+00:00","author":{"@id":"https:\/\/brasilatm.com\/es\/#\/schema\/person\/b6df72734d8cbb44803fd3bbc9c5a233"},"description":"C\u00f3mo es Brasil en julio: clima por regiones, destinos imperdibles, fiestas, vacaciones escolares, consejos e itinerarios para tu viaje.","breadcrumb":{"@id":"https:\/\/brasilatm.com\/es\/brasil-en-julio\/#breadcrumb"},"mainEntity":[{"@id":"https:\/\/brasilatm.com\/es\/brasil-en-julio\/#faq-question-1758891151645"},{"@id":"https:\/\/brasilatm.com\/es\/brasil-en-julio\/#faq-question-1758891157326"},{"@id":"https:\/\/brasilatm.com\/es\/brasil-en-julio\/#faq-question-1758891162615"},{"@id":"https:\/\/brasilatm.com\/es\/brasil-en-julio\/#faq-question-1758891168530"},{"@id":"https:\/\/brasilatm.com\/es\/brasil-en-julio\/#faq-question-1758891174223"}],"inLanguage":"es","potentialAction":[{"@type":"ReadAction","target":["https:\/\/brasilatm.com\/es\/brasil-en-julio\/"]}]},{"@type":"ImageObject","inLanguage":"es","@id":"https:\/\/brasilatm.com\/es\/brasil-en-julio\/#primaryimage","url":"https:\/\/brasilatm.com\/es\/wp-content\/uploads\/2024\/04\/brasil-em-julho.jpg","contentUrl":"https:\/\/brasilatm.com\/es\/wp-content\/uploads\/2024\/04\/brasil-em-julho.jpg","width":800,"height":450},{"@type":"BreadcrumbList","@id":"https:\/\/brasilatm.com\/es\/brasil-en-julio\/#breadcrumb","itemListElement":[{"@type":"ListItem","position":1,"name":"Portada","item":"https:\/\/brasilatm.com\/es\/"},{"@type":"ListItem","position":2,"name":"Brasil en julio \u2013 Qu\u00e9 hacer, d\u00f3nde ir y c\u00f3mo es el clima"}]},{"@type":"WebSite","@id":"https:\/\/brasilatm.com\/es\/#website","url":"https:\/\/brasilatm.com\/es\/","name":"BrasilATM","description":"Sitio en Espa\u00f1ol","potentialAction":[{"@type":"SearchAction","target":{"@type":"EntryPoint","urlTemplate":"https:\/\/brasilatm.com\/es\/?s={search_term_string}"},"query-input":{"@type":"PropertyValueSpecification","valueRequired":true,"valueName":"search_term_string"}}],"inLanguage":"es"},{"@type":"Person","@id":"https:\/\/brasilatm.com\/es\/#\/schema\/person\/b6df72734d8cbb44803fd3bbc9c5a233","name":"Fernanda","image":{"@type":"ImageObject","inLanguage":"es","@id":"https:\/\/brasilatm.com\/es\/#\/schema\/person\/image\/","url":"https:\/\/secure.gravatar.com\/avatar\/74f10febe4439cf3e7c604b1c5708fc4?s=96&d=mm&r=g","contentUrl":"https:\/\/secure.gravatar.com\/avatar\/74f10febe4439cf3e7c604b1c5708fc4?s=96&d=mm&r=g","caption":"Fernanda"},"url":"https:\/\/brasilatm.com\/es\/author\/editor\/"},{"@type":"Question","@id":"https:\/\/brasilatm.com\/es\/brasil-en-julio\/#faq-question-1758891151645","position":1,"url":"https:\/\/brasilatm.com\/es\/brasil-en-julio\/#faq-question-1758891151645","name":"\u00bfC\u00f3mo es el clima en Brasil en julio?","answerCount":1,"acceptedAnswer":{"@type":"Answer","text":"El clima var\u00eda por regi\u00f3n: fr\u00edo en el Sur y Sudeste, seco en el Centro-Oeste, c\u00e1lido y soleado en el Noreste, y con lluvias m\u00e1s suaves en el Norte. <a href=\"https:\/\/brasilatm.com\/es\/brasil-en-julio\">Consulta los detalles regionales en Brasil ATM y planea tu viaje con seguridad.<\/a>","inLanguage":"es"},"inLanguage":"es"},{"@type":"Question","@id":"https:\/\/brasilatm.com\/es\/brasil-en-julio\/#faq-question-1758891157326","position":2,"url":"https:\/\/brasilatm.com\/es\/brasil-en-julio\/#faq-question-1758891157326","name":"\u00bfJulio es temporada alta en Brasil?","answerCount":1,"acceptedAnswer":{"@type":"Answer","text":"S\u00ed. El mes coincide con las vacaciones escolares, lo que eleva los precios de pasajes y hospedajes, adem\u00e1s de llenar los destinos m\u00e1s populares. <a href=\"https:\/\/brasilatm.com\/es\/brasil-en-julio\">Brasil ATM trae consejos para ahorrar y reservar con anticipaci\u00f3n.<\/a>","inLanguage":"es"},"inLanguage":"es"},{"@type":"Question","@id":"https:\/\/brasilatm.com\/es\/brasil-en-julio\/#faq-question-1758891162615","position":3,"url":"https:\/\/brasilatm.com\/es\/brasil-en-julio\/#faq-question-1758891162615","name":"\u00bfD\u00f3nde viajar en Brasil en julio?","answerCount":1,"acceptedAnswer":{"@type":"Answer","text":"Noreste para sol y playa, Sur para fr\u00edo y gastronom\u00eda, Sudeste para cultura, Centro-Oeste para ecoturismo y Norte para la Amazon\u00eda. <a href=\"https:\/\/brasilatm.com\/es\/brasil-en-julio\">Descubre los mejores itinerarios regionales en Brasil ATM.<\/a>","inLanguage":"es"},"inLanguage":"es"},{"@type":"Question","@id":"https:\/\/brasilatm.com\/es\/brasil-en-julio\/#faq-question-1758891168530","position":4,"url":"https:\/\/brasilatm.com\/es\/brasil-en-julio\/#faq-question-1758891168530","name":"\u00bfJulio es buen mes para viajar al Noreste?","answerCount":1,"acceptedAnswer":{"@type":"Answer","text":"S\u00ed. El clima es c\u00e1lido, seco y perfecto para playas como Porto de Galinhas, Maragogi y Salvador. <a href=\"https:\/\/brasilatm.com\/es\/brasil-en-julio\">Explora nuestras sugerencias en Brasil ATM y elige tu destino de sol.<\/a>","inLanguage":"es"},"inLanguage":"es"},{"@type":"Question","@id":"https:\/\/brasilatm.com\/es\/brasil-en-julio\/#faq-question-1758891174223","position":5,"url":"https:\/\/brasilatm.com\/es\/brasil-en-julio\/#faq-question-1758891174223","name":"\u00bfBrasil en julio es recomendable para familias?","answerCount":1,"acceptedAnswer":{"@type":"Answer","text":"S\u00ed. Las vacaciones escolares favorecen los viajes en grupo, con opciones que agradan tanto a ni\u00f1os como adultos. <a href=\"https:\/\/brasilatm.com\/es\/brasil-en-julio\">Insp\u00edrate en los itinerarios familiares sugeridos por Brasil ATM.<\/a>","inLanguage":"es"},"inLanguage":"es"}]}},"_links":{"self":[{"href":"https:\/\/brasilatm.com\/es\/wp-json\/wp\/v2\/posts\/6027","targetHints":{"allow":["GET"]}}],"collection":[{"href":"https:\/\/brasilatm.com\/es\/wp-json\/wp\/v2\/posts"}],"about":[{"href":"https:\/\/brasilatm.com\/es\/wp-json\/wp\/v2\/types\/post"}],"author":[{"embeddable":true,"href":"https:\/\/brasilatm.com\/es\/wp-json\/wp\/v2\/users\/5"}],"replies":[{"embeddable":true,"href":"https:\/\/brasilatm.com\/es\/wp-json\/wp\/v2\/comments?post=6027"}],"version-history":[{"count":3,"href":"https:\/\/brasilatm.com\/es\/wp-json\/wp\/v2\/posts\/6027\/revisions"}],"predecessor-version":[{"id":8598,"href":"https:\/\/brasilatm.com\/es\/wp-json\/wp\/v2\/posts\/6027\/revisions\/8598"}],"wp:featuredmedia":[{"embeddable":true,"href":"https:\/\/brasilatm.com\/es\/wp-json\/wp\/v2\/media\/8585"}],"wp:attachment":[{"href":"https:\/\/brasilatm.com\/es\/wp-json\/wp\/v2\/media?parent=6027"}],"wp:term":[{"taxonomy":"category","embeddable":true,"href":"https:\/\/brasilatm.com\/es\/wp-json\/wp\/v2\/categories?post=6027"},{"taxonomy":"post_tag","embeddable":true,"href":"https:\/\/brasilatm.com\/es\/wp-json\/wp\/v2\/tags?post=6027"}],"curies":[{"name":"wp","href":"https:\/\/api.w.org\/{rel}","templated":true}]}}